{"id":85044,"date":"2022-07-21T19:48:22","date_gmt":"2022-07-21T19:48:22","guid":{"rendered":"https:\/\/sertv.gob.pa\/nacionalfm\/?p=85044"},"modified":"2022-07-21T19:48:22","modified_gmt":"2022-07-21T19:48:22","slug":"uno-de-los-agentes-implicados-en-el-asesinato-de-floyd-es-condenado-a-dos-anos-y-medio-por-violar-sus-derechos","status":"publish","type":"post","link":"https:\/\/sertv.gob.pa\/nacionalfm\/uno-de-los-agentes-implicados-en-el-asesinato-de-floyd-es-condenado-a-dos-anos-y-medio-por-violar-sus-derechos\/","title":{"rendered":"Uno de los agentes implicados en el asesinato de Floyd es condenado a dos a\u00f1os y medio por violar sus derechos"},"content":{"rendered":"<p><strong><em>MADRID, (EUROPA PRESS) &#8211;<\/em><\/strong><\/p>\n<p>&nbsp;<\/p>\n<p>Thomas Lane, uno de los agentes de la Polic\u00eda de Mine\u00e1polis implicado en el asesinato del ciudadano afroamericano George Floyd, ha sido condenado este jueves a dos a\u00f1os y medio por violar sus derechos civiles cuando no le facilitaron atenci\u00f3n m\u00e9dica despu\u00e9s de que alertara en casi treinta ocasiones de que no pod\u00eda respirar.<\/p>\n<p>Lane se encuentra ahora a la espera de conocer tambi\u00e9n cu\u00e1l ser\u00e1 su condena por declararse en mayo culpable de homicidio involuntario en segundo grado, y que previsiblemente se conocer\u00e1 el 21 de septiembre. Tanto la Fiscal\u00eda de Minesota como su defensa han solicitado de manera conjunta una pena de tres a\u00f1os de c\u00e1rcel.<\/p>\n<p>Se trata de uno de los cuatro antiguos agentes de la Polic\u00eda de Mine\u00e1polis condenados por violar los derechos constitucionales de Floyd durante aquel fat\u00eddico arresto el 25 de mayo de 2020 que condujo a su asesinato.<\/p>\n<p>Al igual que Lane, J. Alexander Kueng y Tou Thao tambi\u00e9n fueron declarados culpables en febrero por privar a Floyd \u00abde su derecho constitucional a estar libre de la indiferencia deliberada de un polic\u00eda hacia sus graves necesidades m\u00e9dicas\u00bb cuando se encontraba bajo custodia \u00abcon una clara necesidad\u00bb de ser atendido.<\/p>\n<p>Adem\u00e1s, Kueng y Thao fueron tambi\u00e9n condenados por no intervenir y dejar que muriera de manera ag\u00f3nica bajo la rodilla y los golpes de Derek Chauvin, el principal responsable de aquella muerte que provoc\u00f3 meses de fuertes protestas que volvieron a levantar los viejos fantasmas del racismo dentro de la sociedad y polic\u00eda estadounidenses.<\/p>\n<p>Todav\u00eda no se han programado las audiencias para Kueng y Thao, quienes se espera que reciban sentencias federales m\u00e1s largas que Lane. El juicio estatal estaba previsto para el mes pasado, pero finalmente se retras\u00f3 para finales de este a\u00f1o.<\/p>\n<p>En junio de 2021, Chauvin fue sentenciado a 22 a\u00f1os y medio de c\u00e1rcel despu\u00e9s de que doce integrantes de un jurado popular le encontraran culpable de asesinato involuntario en segundo grado, asesinato en tercer grado y homicidio en segundo grado. Luego en diciembre, fue declarado culpable de violar los derechos civiles de Floyd, por lo que se enfrenta a otros 25 a\u00f1os de prisi\u00f3n m\u00e1s.<\/p>\n<p>&nbsp;<\/p>\n<p>Fuente: EUROPA PRESS<\/p>\n<p>&nbsp;<\/p>\n","protected":false},"excerpt":{"rendered":"<p>MADRID, (EUROPA PRESS) &#8211; &nbsp; Thomas Lane, uno de los <a href=\"https:\/\/sertv.gob.pa\/nacionalfm\/uno-de-los-agentes-implicados-en-el-asesinato-de-floyd-es-condenado-a-dos-anos-y-medio-por-violar-sus-derechos\/\"> [&#8230;]<\/a><\/p>\n","protected":false},"author":9,"featured_media":85045,"comment_status":"closed","ping_status":"closed","sticky":false,"template":"","format":"standard","meta":{"footnotes":""},"categories":[3],"tags":[],"class_list":["post-85044","post","type-post","status-publish","format-standard","has-post-thumbnail","hentry","category-internacionales"],"_links":{"self":[{"href":"https:\/\/sertv.gob.pa\/nacionalfm\/wp-json\/wp\/v2\/posts\/85044","targetHints":{"allow":["GET"]}}],"collection":[{"href":"https:\/\/sertv.gob.pa\/nacionalfm\/wp-json\/wp\/v2\/posts"}],"about":[{"href":"https:\/\/sertv.gob.pa\/nacionalfm\/wp-json\/wp\/v2\/types\/post"}],"author":[{"embeddable":true,"href":"https:\/\/sertv.gob.pa\/nacionalfm\/wp-json\/wp\/v2\/users\/9"}],"replies":[{"embeddable":true,"href":"https:\/\/sertv.gob.pa\/nacionalfm\/wp-json\/wp\/v2\/comments?post=85044"}],"version-history":[{"count":1,"href":"https:\/\/sertv.gob.pa\/nacionalfm\/wp-json\/wp\/v2\/posts\/85044\/revisions"}],"predecessor-version":[{"id":85048,"href":"https:\/\/sertv.gob.pa\/nacionalfm\/wp-json\/wp\/v2\/posts\/85044\/revisions\/85048"}],"wp:featuredmedia":[{"embeddable":true,"href":"https:\/\/sertv.gob.pa\/nacionalfm\/wp-json\/wp\/v2\/media\/85045"}],"wp:attachment":[{"href":"https:\/\/sertv.gob.pa\/nacionalfm\/wp-json\/wp\/v2\/media?parent=85044"}],"wp:term":[{"taxonomy":"category","embeddable":true,"href":"https:\/\/sertv.gob.pa\/nacionalfm\/wp-json\/wp\/v2\/categories?post=85044"},{"taxonomy":"post_tag","embeddable":true,"href":"https:\/\/sertv.gob.pa\/nacionalfm\/wp-json\/wp\/v2\/tags?post=85044"}],"curies":[{"name":"wp","href":"https:\/\/api.w.org\/{rel}","templated":true}]}}