{"id":85082,"date":"2022-07-22T16:03:13","date_gmt":"2022-07-22T16:03:13","guid":{"rendered":"https:\/\/sertv.gob.pa\/nacionalfm\/?p=85082"},"modified":"2022-07-22T16:03:13","modified_gmt":"2022-07-22T16:03:13","slug":"policia-nacional-de-panama-continua-con-el-operativo-paradas-seguras-para-reforzar-la-seguridad-ciudadana","status":"publish","type":"post","link":"https:\/\/sertv.gob.pa\/nacionalfm\/policia-nacional-de-panama-continua-con-el-operativo-paradas-seguras-para-reforzar-la-seguridad-ciudadana\/","title":{"rendered":"Polic\u00eda Nacional de Panam\u00e1, contin\u00faa con el operativo \u201cParadas Seguras\u201d, para reforzar la seguridad ciudadana"},"content":{"rendered":"<p>El operativo denominado <strong><em>\u00abParadas seguras\u00bb,<\/em><\/strong> con la presencia de unidades policiales en diferentes las paradas de buses, inici\u00f3 desde tempranas horas de este jueves 21 de julio, en diversos sectores del pa\u00eds.<\/p>\n<p>Los corregimientos de Calidonia, Santa Ana, El Chorrillo, distritos de San Miguelito y otros sectores, son los puntos donde se desarrollan estos operativos cuyo objetivo principal, es garantizar un ambiente seguro para el desplazamiento de los ciudadanos.<\/p>\n<p><strong><em>Paradas seguras se lleva a cabo a nivel nacional en un horario de 4:00 a.m. hasta las 9:00 a.m. y en horas de la tarde, en un horario de 4:00 p.m. a 8:00 p.m. en las paradas de buses y otros puntos estrat\u00e9gicos.<\/em><\/strong><\/p>\n<p><strong><em>\u00a0<\/em><\/strong><\/p>\n<p>Fuente: PNP<\/p>\n","protected":false},"excerpt":{"rendered":"<p>El operativo denominado \u00abParadas seguras\u00bb, con la presencia de unidades <a href=\"https:\/\/sertv.gob.pa\/nacionalfm\/policia-nacional-de-panama-continua-con-el-operativo-paradas-seguras-para-reforzar-la-seguridad-ciudadana\/\"> [&#8230;]<\/a><\/p>\n","protected":false},"author":9,"featured_media":85083,"comment_status":"closed","ping_status":"closed","sticky":false,"template":"","format":"standard","meta":{"footnotes":""},"categories":[2],"tags":[],"class_list":["post-85082","post","type-post","status-publish","format-standard","has-post-thumbnail","hentry","category-nacionales"],"_links":{"self":[{"href":"https:\/\/sertv.gob.pa\/nacionalfm\/wp-json\/wp\/v2\/posts\/85082","targetHints":{"allow":["GET"]}}],"collection":[{"href":"https:\/\/sertv.gob.pa\/nacionalfm\/wp-json\/wp\/v2\/posts"}],"about":[{"href":"https:\/\/sertv.gob.pa\/nacionalfm\/wp-json\/wp\/v2\/types\/post"}],"author":[{"embeddable":true,"href":"https:\/\/sertv.gob.pa\/nacionalfm\/wp-json\/wp\/v2\/users\/9"}],"replies":[{"embeddable":true,"href":"https:\/\/sertv.gob.pa\/nacionalfm\/wp-json\/wp\/v2\/comments?post=85082"}],"version-history":[{"count":1,"href":"https:\/\/sertv.gob.pa\/nacionalfm\/wp-json\/wp\/v2\/posts\/85082\/revisions"}],"predecessor-version":[{"id":85087,"href":"https:\/\/sertv.gob.pa\/nacionalfm\/wp-json\/wp\/v2\/posts\/85082\/revisions\/85087"}],"wp:featuredmedia":[{"embeddable":true,"href":"https:\/\/sertv.gob.pa\/nacionalfm\/wp-json\/wp\/v2\/media\/85083"}],"wp:attachment":[{"href":"https:\/\/sertv.gob.pa\/nacionalfm\/wp-json\/wp\/v2\/media?parent=85082"}],"wp:term":[{"taxonomy":"category","embeddable":true,"href":"https:\/\/sertv.gob.pa\/nacionalfm\/wp-json\/wp\/v2\/categories?post=85082"},{"taxonomy":"post_tag","embeddable":true,"href":"https:\/\/sertv.gob.pa\/nacionalfm\/wp-json\/wp\/v2\/tags?post=85082"}],"curies":[{"name":"wp","href":"https:\/\/api.w.org\/{rel}","templated":true}]}}