{"id":8509,"date":"2015-10-29T18:22:54","date_gmt":"2015-10-29T18:22:54","guid":{"rendered":""},"modified":"2015-10-29T18:22:54","modified_gmt":"2015-10-29T18:22:54","slug":"en-un-47-cayo-la-tuberculosis-en-el-mundo","status":"publish","type":"post","link":"https:\/\/sertv.gob.pa\/nacionalfm\/en-un-47-cayo-la-tuberculosis-en-el-mundo\/","title":{"rendered":"En un 47% cay\u00f3 la tuberculosis en el mundo"},"content":{"rendered":"<p>\nLa mortalidad por tuberculosis en el mundo se ha reducido un 47 % desde 1990, con los mayores progresos logrados desde el a\u00f1o 2000, cuando se establecieron los objetivos de desarrollo del milenio, dio a conocer la Organizaci\u00f3n Mundial de la Salud (OMS). <\/p>\n<p>Esta es una de las conclusiones del informe anual sobre la tuberculosis que la OMS public\u00f3 en Washington y que elabora desde hace dos d\u00e9cadas, cuando estableci\u00f3 su sistema de evaluaci\u00f3n global sobre esta enfermedad infecciosa. <\/p>\n<p>En 2016, la OMS pasar\u00e1 de la estrategia de &lsquo;detener&#8217; la tuberculosis a la de &lsquo;poner fin&#8217; a una enfermedad que es la primera causa de muerte en el mundo junto al sida, con el fin de haber disminuido el n\u00famero de decesos un 90 % en 2030, respecto a las cifras de 2015. <\/p>\n<p>El organismo mundial quiere que en 2050 la tuberculosis deje de ser un problema de salud p\u00fablica, que se define por la existencia de un caso por cada mill\u00f3n de personas al a\u00f1o. <\/p>\n<p>La prevalencia (proporci\u00f3n de enfermos respecto a la poblaci\u00f3n estudiada) de la tuberculosis en el mundo baj\u00f3 un 42 % desde 1990 y el objetivo de reducirla a la mitad en ese periodo se cumpli\u00f3 en tres de las seis regiones de la OMS: Am\u00e9rica, el sureste asi\u00e1tico, y la regi\u00f3n del oeste del Pac\u00edfico. <\/p>\n<p>Esta meta asimismo la lograron nueve de los pa\u00edses m\u00e1s castigados por la enfermedad: Brasil, Camboya, China, Etiop\u00eda, India, Birmania, Filipinas, Uganda y Vietnam. <\/p>\n<p>La tuberculosis es una enfermedad infecciosa que afecta t\u00edpicamente a los pulmones pero que puede afectar a otros \u00f3rganos. <\/p>\n<p>La enfermedad se transmite por el aire cuando las personas con tuberculosis pulmonar expulsan la bacteria que la causa, por ejemplo al toser. <\/p>\n<p>Sin tratamiento, el \u00edndice de mortalidad de la tuberculosis es alto, pero con un tratamiento adecuado el \u00edndice de \u00e9xito es de cerca del 85 %. En 1940 se desarrollaron los primeros tratamientos efectivos contra esta enfermedad y el de mejor resultados, la Rifampicina, ha estado disponible desde los a\u00f1os sesenta. <\/p>\n<p>\u00a0 <\/p>\n","protected":false},"excerpt":{"rendered":"<p>La mortalidad por tuberculosis en el mundo se ha reducido <a href=\"https:\/\/sertv.gob.pa\/nacionalfm\/en-un-47-cayo-la-tuberculosis-en-el-mundo\/\"> [&#8230;]<\/a><\/p>\n","protected":false},"author":1,"featured_media":8510,"comment_status":"closed","ping_status":"closed","sticky":false,"template":"","format":"standard","meta":{"footnotes":""},"categories":[5],"tags":[],"class_list":["post-8509","post","type-post","status-publish","format-standard","has-post-thumbnail","hentry","category-salud"],"_links":{"self":[{"href":"https:\/\/sertv.gob.pa\/nacionalfm\/wp-json\/wp\/v2\/posts\/8509","targetHints":{"allow":["GET"]}}],"collection":[{"href":"https:\/\/sertv.gob.pa\/nacionalfm\/wp-json\/wp\/v2\/posts"}],"about":[{"href":"https:\/\/sertv.gob.pa\/nacionalfm\/wp-json\/wp\/v2\/types\/post"}],"author":[{"embeddable":true,"href":"https:\/\/sertv.gob.pa\/nacionalfm\/wp-json\/wp\/v2\/users\/1"}],"replies":[{"embeddable":true,"href":"https:\/\/sertv.gob.pa\/nacionalfm\/wp-json\/wp\/v2\/comments?post=8509"}],"version-history":[{"count":0,"href":"https:\/\/sertv.gob.pa\/nacionalfm\/wp-json\/wp\/v2\/posts\/8509\/revisions"}],"wp:featuredmedia":[{"embeddable":true,"href":"https:\/\/sertv.gob.pa\/nacionalfm\/wp-json\/wp\/v2\/media\/8510"}],"wp:attachment":[{"href":"https:\/\/sertv.gob.pa\/nacionalfm\/wp-json\/wp\/v2\/media?parent=8509"}],"wp:term":[{"taxonomy":"category","embeddable":true,"href":"https:\/\/sertv.gob.pa\/nacionalfm\/wp-json\/wp\/v2\/categories?post=8509"},{"taxonomy":"post_tag","embeddable":true,"href":"https:\/\/sertv.gob.pa\/nacionalfm\/wp-json\/wp\/v2\/tags?post=8509"}],"curies":[{"name":"wp","href":"https:\/\/api.w.org\/{rel}","templated":true}]}}