{"id":85096,"date":"2022-07-22T18:34:25","date_gmt":"2022-07-22T18:34:25","guid":{"rendered":"https:\/\/sertv.gob.pa\/nacionalfm\/?p=85096"},"modified":"2022-07-22T18:34:25","modified_gmt":"2022-07-22T18:34:25","slug":"al-menos-ocho-heridos-tres-graves-por-una-posible-explosion-de-gas-en-un-edificio-de-montevideo","status":"publish","type":"post","link":"https:\/\/sertv.gob.pa\/nacionalfm\/al-menos-ocho-heridos-tres-graves-por-una-posible-explosion-de-gas-en-un-edificio-de-montevideo\/","title":{"rendered":"Al menos ocho heridos, tres graves, por una posible explosi\u00f3n de gas en un edificio de Montevideo"},"content":{"rendered":"<p><strong><em>MADRID, (EUROPA PRESS) &#8211;<\/em><\/strong><\/p>\n<p>&nbsp;<\/p>\n<p>Al menos ocho personas han resultado heridas, tres de ellas de car\u00e1cter grave, por una posible explosi\u00f3n de gas ocurrida este viernes en la capital de Uruguay, Montevideo, seg\u00fan han confirmado fuentes policiales.<\/p>\n<p>La detonaci\u00f3n ocurri\u00f3 en torno a las 09.00 (hora local) en un inmueble de diez plantas situado en el barrio de Punta Carretas que ahora mismo est\u00e1 siendo apuntalado por unidades de bomberos dado que la mayor parte de la fachada ha quedado reventada.<\/p>\n<p>Los heridos m\u00e1s graves est\u00e1n recibiendo atenci\u00f3n m\u00e9dica en el Hospital Brit\u00e1nico de la capital uruguaya, ha declarado el director de Sistema de Atenci\u00f3n M\u00e9dica de Emergencia (SAME), Jos\u00e9 Antonio Rodr\u00edguez, al diario uruguayo &#8216;El Pa\u00eds&#8217;.<\/p>\n<p>El tercer piso ha sido el m\u00e1s afectado por la detonaci\u00f3n, que ha provocado un incendio en la vivienda, de acuerdo con fuentes del Ministerio del Interior y Bomberos, que achacan en principio lo ocurrido a la explosi\u00f3n de una caldera.<\/p>\n<p>&nbsp;<\/p>\n<p>Fuente: EUROPA PRESS<\/p>\n<p><strong>\u00a0<\/strong><\/p>\n<p>&nbsp;<\/p>\n","protected":false},"excerpt":{"rendered":"<p>MADRID, (EUROPA PRESS) &#8211; &nbsp; Al menos ocho personas han <a href=\"https:\/\/sertv.gob.pa\/nacionalfm\/al-menos-ocho-heridos-tres-graves-por-una-posible-explosion-de-gas-en-un-edificio-de-montevideo\/\"> [&#8230;]<\/a><\/p>\n","protected":false},"author":9,"featured_media":85097,"comment_status":"closed","ping_status":"closed","sticky":false,"template":"","format":"standard","meta":{"footnotes":""},"categories":[3],"tags":[],"class_list":["post-85096","post","type-post","status-publish","format-standard","has-post-thumbnail","hentry","category-internacionales"],"_links":{"self":[{"href":"https:\/\/sertv.gob.pa\/nacionalfm\/wp-json\/wp\/v2\/posts\/85096","targetHints":{"allow":["GET"]}}],"collection":[{"href":"https:\/\/sertv.gob.pa\/nacionalfm\/wp-json\/wp\/v2\/posts"}],"about":[{"href":"https:\/\/sertv.gob.pa\/nacionalfm\/wp-json\/wp\/v2\/types\/post"}],"author":[{"embeddable":true,"href":"https:\/\/sertv.gob.pa\/nacionalfm\/wp-json\/wp\/v2\/users\/9"}],"replies":[{"embeddable":true,"href":"https:\/\/sertv.gob.pa\/nacionalfm\/wp-json\/wp\/v2\/comments?post=85096"}],"version-history":[{"count":1,"href":"https:\/\/sertv.gob.pa\/nacionalfm\/wp-json\/wp\/v2\/posts\/85096\/revisions"}],"predecessor-version":[{"id":85098,"href":"https:\/\/sertv.gob.pa\/nacionalfm\/wp-json\/wp\/v2\/posts\/85096\/revisions\/85098"}],"wp:featuredmedia":[{"embeddable":true,"href":"https:\/\/sertv.gob.pa\/nacionalfm\/wp-json\/wp\/v2\/media\/85097"}],"wp:attachment":[{"href":"https:\/\/sertv.gob.pa\/nacionalfm\/wp-json\/wp\/v2\/media?parent=85096"}],"wp:term":[{"taxonomy":"category","embeddable":true,"href":"https:\/\/sertv.gob.pa\/nacionalfm\/wp-json\/wp\/v2\/categories?post=85096"},{"taxonomy":"post_tag","embeddable":true,"href":"https:\/\/sertv.gob.pa\/nacionalfm\/wp-json\/wp\/v2\/tags?post=85096"}],"curies":[{"name":"wp","href":"https:\/\/api.w.org\/{rel}","templated":true}]}}