{"id":85152,"date":"2022-07-25T19:17:02","date_gmt":"2022-07-25T19:17:02","guid":{"rendered":"https:\/\/sertv.gob.pa\/nacionalfm\/?p=85152"},"modified":"2022-07-25T19:17:02","modified_gmt":"2022-07-25T19:17:02","slug":"japon-confirma-el-primer-caso-de-viruela-simica-en-el-pais","status":"publish","type":"post","link":"https:\/\/sertv.gob.pa\/nacionalfm\/japon-confirma-el-primer-caso-de-viruela-simica-en-el-pais\/","title":{"rendered":"Jap\u00f3n confirma el primer caso de viruela s\u00edmica en el pa\u00eds"},"content":{"rendered":"<p><strong><em>MADRID, (EUROPA PRESS) &#8211;<\/em><\/strong><\/p>\n<p>&nbsp;<\/p>\n<p>Las autoridades de Jap\u00f3n han confirmado este lunes el primer caso de viruela s\u00edmica en el pa\u00eds y han detallado que ha sido confirmado en el \u00e1rea de la capital, Tokio, dos d\u00edas despu\u00e9s de que la Organizaci\u00f3n Mundial de la Salud (OMS) declarara la enfermedad como una emergencia de salud p\u00fablica de car\u00e1cter preocupante a nivel internacional.<\/p>\n<p>La confirmaci\u00f3n ha llegado por parte del Ministerio de Sanidad, seg\u00fan ha indicado la cadena de televisi\u00f3n japonesa NHK. Fuentes gubernamentales citadas por la agencia de noticias Kyodo han resaltado que el paciente es un hombre de unos 30 a\u00f1os que reside en Tokio.<\/p>\n<p>El director general de la OMS, Tedros Adhanom Ghebreyesus, tom\u00f3 la decisi\u00f3n el s\u00e1bado tras entender que el brote cumple con todos los requisitos necesarios para ello, a pesar de que el grupo de expertos de la agencia de la ONU, encargado de evaluar la crisis, todav\u00eda no ha alcanzado un consenso sobre esta cuesti\u00f3n.<\/p>\n<p>La viruela s\u00edmica es una zoonosis v\u00edrica, es decir, una enfermedad provocada por virus transmitido de los animales a las personas, que produce s\u00edntomas parecidos a los que se observaban en los pacientes de viruela en el pasado, aunque menos graves, seg\u00fan recoge la propia OMS en su p\u00e1gina web.<\/p>\n<p>&nbsp;<\/p>\n<p>Fuente: EUROPA PRESS<\/p>\n","protected":false},"excerpt":{"rendered":"<p>MADRID, (EUROPA PRESS) &#8211; &nbsp; Las autoridades de Jap\u00f3n han <a href=\"https:\/\/sertv.gob.pa\/nacionalfm\/japon-confirma-el-primer-caso-de-viruela-simica-en-el-pais\/\"> [&#8230;]<\/a><\/p>\n","protected":false},"author":9,"featured_media":85153,"comment_status":"closed","ping_status":"closed","sticky":false,"template":"","format":"standard","meta":{"footnotes":""},"categories":[3],"tags":[],"class_list":["post-85152","post","type-post","status-publish","format-standard","has-post-thumbnail","hentry","category-internacionales"],"_links":{"self":[{"href":"https:\/\/sertv.gob.pa\/nacionalfm\/wp-json\/wp\/v2\/posts\/85152","targetHints":{"allow":["GET"]}}],"collection":[{"href":"https:\/\/sertv.gob.pa\/nacionalfm\/wp-json\/wp\/v2\/posts"}],"about":[{"href":"https:\/\/sertv.gob.pa\/nacionalfm\/wp-json\/wp\/v2\/types\/post"}],"author":[{"embeddable":true,"href":"https:\/\/sertv.gob.pa\/nacionalfm\/wp-json\/wp\/v2\/users\/9"}],"replies":[{"embeddable":true,"href":"https:\/\/sertv.gob.pa\/nacionalfm\/wp-json\/wp\/v2\/comments?post=85152"}],"version-history":[{"count":1,"href":"https:\/\/sertv.gob.pa\/nacionalfm\/wp-json\/wp\/v2\/posts\/85152\/revisions"}],"predecessor-version":[{"id":85155,"href":"https:\/\/sertv.gob.pa\/nacionalfm\/wp-json\/wp\/v2\/posts\/85152\/revisions\/85155"}],"wp:featuredmedia":[{"embeddable":true,"href":"https:\/\/sertv.gob.pa\/nacionalfm\/wp-json\/wp\/v2\/media\/85153"}],"wp:attachment":[{"href":"https:\/\/sertv.gob.pa\/nacionalfm\/wp-json\/wp\/v2\/media?parent=85152"}],"wp:term":[{"taxonomy":"category","embeddable":true,"href":"https:\/\/sertv.gob.pa\/nacionalfm\/wp-json\/wp\/v2\/categories?post=85152"},{"taxonomy":"post_tag","embeddable":true,"href":"https:\/\/sertv.gob.pa\/nacionalfm\/wp-json\/wp\/v2\/tags?post=85152"}],"curies":[{"name":"wp","href":"https:\/\/api.w.org\/{rel}","templated":true}]}}