{"id":85212,"date":"2022-07-26T20:12:47","date_gmt":"2022-07-26T20:12:47","guid":{"rendered":"https:\/\/sertv.gob.pa\/nacionalfm\/?p=85212"},"modified":"2022-07-26T20:12:47","modified_gmt":"2022-07-26T20:12:47","slug":"incautan-en-mexico-dos-trailer-con-mas-de-15-toneladas-cocaina-proveniente-de-colombia","status":"publish","type":"post","link":"https:\/\/sertv.gob.pa\/nacionalfm\/incautan-en-mexico-dos-trailer-con-mas-de-15-toneladas-cocaina-proveniente-de-colombia\/","title":{"rendered":"Incautan en M\u00e9xico dos trailer con m\u00e1s de 1,5 toneladas coca\u00edna proveniente de Colombia"},"content":{"rendered":"<p>&nbsp;<\/p>\n<p><strong><em>MADRID, (EUROPA PRESS) &#8211;<\/em><\/strong><\/p>\n<p>&nbsp;<\/p>\n<p>La Secretar\u00eda de Seguridad Ciudadana de M\u00e9xico, en coordinaci\u00f3n con la Fiscal\u00eda General, ha incautado este martes en Ciudad de M\u00e9xico dos trailer con un total de 1,68 toneladas de coca\u00edna provenientes de Colombia.<\/p>\n<p>Seg\u00fan han informado las autoridades, la droga se encontraba almacenada en compartimentos ocultos de la carga de los tr\u00e1iler. Adem\u00e1s, cuatro personas han sido detenidas en el marco de la operaci\u00f3n, informa &#8216;El Universal&#8217;.<\/p>\n<p>Las primeras investigaciones de la Secretar\u00eda de Seguridad Ciudadana apuntan a que la mercanc\u00eda procede de Colombia por v\u00eda mar\u00edtima hasta las costas de Oaxaca, desde donde es trasladada por carretera hasta Ciudad de M\u00e9xico.<\/p>\n<p>Ya una vez en la capital mexicana, estaba previsto que la mercanc\u00eda se distribuyera tanto por el barrio Tepito &#8211;uno de los puntos m\u00e1s conflictivos del callejero capitalino&#8211;, como por otros lugares de la zona. El sobrante tendr\u00eda como destino final la costa oeste de Estados Unidos.<\/p>\n<p>M\u00e1s tarde, el secretario de Seguridad Ciudadana, Omar Garc\u00eda Harfuch, ha apuntado que el cargamento tiene un valor estimado de 400 millones de pesos mexicanos &#8211;m\u00e1s de 19,3 millones de euros&#8211; en el mercado negro, si bien su precio podr\u00eda incluso ser mayor de haber llegado a Estados Unidos.<\/p>\n<p>\u00abSe estima que el peso de la droga va a ser m\u00e1s de 1.500 kilogramos aproximadamente, por lo que estar\u00edamos hablando, por mucho, del mayor aseguramiento de coca\u00edna en Ciudad de M\u00e9xico, lo que representa un fuerte golpe a la estructura financiera de las estructuras criminales\u00bb, ha dicho Garc\u00eda.<\/p>\n<p>Finalmente, el funcionario no ha entrado a valorar si la operaci\u00f3n de narcotr\u00e1fico estaba organizada por el C\u00e1rtel de Sinaloa u otros grupos. \u00abNo nos gusta especular hasta que tengamos la informaci\u00f3n completa\u00bb, ha dicho, seg\u00fan informa &#8216;Milenio&#8217;.<\/p>\n<p>&nbsp;<\/p>\n<p>Fuente: EUROPA PRESS<\/p>\n","protected":false},"excerpt":{"rendered":"<p>&nbsp; MADRID, (EUROPA PRESS) &#8211; &nbsp; La Secretar\u00eda de Seguridad <a href=\"https:\/\/sertv.gob.pa\/nacionalfm\/incautan-en-mexico-dos-trailer-con-mas-de-15-toneladas-cocaina-proveniente-de-colombia\/\"> [&#8230;]<\/a><\/p>\n","protected":false},"author":9,"featured_media":85213,"comment_status":"closed","ping_status":"closed","sticky":false,"template":"","format":"standard","meta":{"footnotes":""},"categories":[3],"tags":[],"class_list":["post-85212","post","type-post","status-publish","format-standard","has-post-thumbnail","hentry","category-internacionales"],"_links":{"self":[{"href":"https:\/\/sertv.gob.pa\/nacionalfm\/wp-json\/wp\/v2\/posts\/85212","targetHints":{"allow":["GET"]}}],"collection":[{"href":"https:\/\/sertv.gob.pa\/nacionalfm\/wp-json\/wp\/v2\/posts"}],"about":[{"href":"https:\/\/sertv.gob.pa\/nacionalfm\/wp-json\/wp\/v2\/types\/post"}],"author":[{"embeddable":true,"href":"https:\/\/sertv.gob.pa\/nacionalfm\/wp-json\/wp\/v2\/users\/9"}],"replies":[{"embeddable":true,"href":"https:\/\/sertv.gob.pa\/nacionalfm\/wp-json\/wp\/v2\/comments?post=85212"}],"version-history":[{"count":1,"href":"https:\/\/sertv.gob.pa\/nacionalfm\/wp-json\/wp\/v2\/posts\/85212\/revisions"}],"predecessor-version":[{"id":85214,"href":"https:\/\/sertv.gob.pa\/nacionalfm\/wp-json\/wp\/v2\/posts\/85212\/revisions\/85214"}],"wp:featuredmedia":[{"embeddable":true,"href":"https:\/\/sertv.gob.pa\/nacionalfm\/wp-json\/wp\/v2\/media\/85213"}],"wp:attachment":[{"href":"https:\/\/sertv.gob.pa\/nacionalfm\/wp-json\/wp\/v2\/media?parent=85212"}],"wp:term":[{"taxonomy":"category","embeddable":true,"href":"https:\/\/sertv.gob.pa\/nacionalfm\/wp-json\/wp\/v2\/categories?post=85212"},{"taxonomy":"post_tag","embeddable":true,"href":"https:\/\/sertv.gob.pa\/nacionalfm\/wp-json\/wp\/v2\/tags?post=85212"}],"curies":[{"name":"wp","href":"https:\/\/api.w.org\/{rel}","templated":true}]}}