{"id":85215,"date":"2022-07-26T20:20:33","date_gmt":"2022-07-26T20:20:33","guid":{"rendered":"https:\/\/sertv.gob.pa\/nacionalfm\/?p=85215"},"modified":"2022-07-26T20:20:33","modified_gmt":"2022-07-26T20:20:33","slug":"reino-unido-entrega-a-zelenski-el-premio-winston-churchill-por-su-increible-coraje-resistencia-y-dignidad","status":"publish","type":"post","link":"https:\/\/sertv.gob.pa\/nacionalfm\/reino-unido-entrega-a-zelenski-el-premio-winston-churchill-por-su-increible-coraje-resistencia-y-dignidad\/","title":{"rendered":"Reino Unido entrega a Zelenski el premio Winston Churchill por su \u00abincre\u00edble coraje, resistencia y dignidad\u00bb"},"content":{"rendered":"<p><strong><em>MADRID, (EUROPA PRESS) &#8211;<\/em><\/strong><\/p>\n<p>&nbsp;<\/p>\n<p>El primer ministro de Reino Unido, Boris Johnson, ha entregado este martes el premio Winston Churchill al presidente de Ucrania, Volodimir Zelenski, en reconocimiento de su \u00abincre\u00edble coraje, resistencia y dignidad\u00bb frente a \u00abla b\u00e1rbara invasi\u00f3n\u00bb del presidente de Rusia, Vladimir Putin.<\/p>\n<p>As\u00ed lo ha confirmado en su perfil de Facebook la Embajada brit\u00e1nica en Kiev, que ha compartido un fotograf\u00eda del primer ministro Johnson emulando la entrega del premio a Zelenski, presente en el acto por videoconferencia.<\/p>\n<p>M\u00e1s tarde, seg\u00fan ha detallado la Presidencia ucraniana, el &#8216;premier&#8217; ha puesto en valor el liderazgo de Zelenski al quedarse en territorio ucraniano a pesar de saber que, especialmente en los primeros compases de la guerra, ser\u00eda \u00abobjetivo\u00bb de Rusia.<\/p>\n<p>Por su parte, la Sociedad Internacional Winston Churchill, responsable del galard\u00f3n que homenajea al que fuera primer ministro brit\u00e1nico durante la Segunda Guerra Mundial, ha lamentado que \u00abEuropa est\u00e1 amenazada por la tiran\u00eda\u00bb.<\/p>\n<p>\u00abAl igual que Winston Churchill, el presidente Zelenski muestra que la tiran\u00eda no debe triunfar, que las personas deben tener derecho a elegir su propio camino y su vida\u00bb, ha se\u00f1alado el l\u00edder de la Sociedad Internacional, Lawrence Heller.<\/p>\n<p>Finalmente, el jefe de Estado ucraniano ha trasladado su agradecimiento a todos sus conciudadanos por \u00abdefender la libertad del ataque de la tiran\u00eda\u00bb, a la par que ha ensalzado una vez m\u00e1s el apoyo de Johnson a Ucrania.<\/p>\n<p>\u00abLas democracias del mundo son capaces de detener cualquier tiran\u00eda (&#8230;) La paciencia es el camino a la victoria. Nadie sabe hoy cu\u00e1nto tiempo y esfuerzo llevar\u00e1 alcanzarlo. Sin embargo, la victoria vale la pena\u00bb, ha dicho Zelenski, quien finalmente ha se\u00f1alado que tanto \u00e9l como Johnson ser\u00e1n recordados en el futuro como ahora se pone en valor la figura del propio Churchill.<\/p>\n<p>El galard\u00f3n ha sido entregado al embajador ucraniano en Londres, Vadim Pristiak, quien ser\u00e1 el encargado de transportarlo hasta territorio ucraniano para finalmente acabar en manos de Zelenski.<\/p>\n<p>&nbsp;<\/p>\n<p>Fuente: EUROPA PRESS<\/p>\n<p>&nbsp;<\/p>\n","protected":false},"excerpt":{"rendered":"<p>MADRID, (EUROPA PRESS) &#8211; &nbsp; El primer ministro de Reino <a href=\"https:\/\/sertv.gob.pa\/nacionalfm\/reino-unido-entrega-a-zelenski-el-premio-winston-churchill-por-su-increible-coraje-resistencia-y-dignidad\/\"> [&#8230;]<\/a><\/p>\n","protected":false},"author":9,"featured_media":85216,"comment_status":"closed","ping_status":"closed","sticky":false,"template":"","format":"standard","meta":{"footnotes":""},"categories":[3],"tags":[],"class_list":["post-85215","post","type-post","status-publish","format-standard","has-post-thumbnail","hentry","category-internacionales"],"_links":{"self":[{"href":"https:\/\/sertv.gob.pa\/nacionalfm\/wp-json\/wp\/v2\/posts\/85215","targetHints":{"allow":["GET"]}}],"collection":[{"href":"https:\/\/sertv.gob.pa\/nacionalfm\/wp-json\/wp\/v2\/posts"}],"about":[{"href":"https:\/\/sertv.gob.pa\/nacionalfm\/wp-json\/wp\/v2\/types\/post"}],"author":[{"embeddable":true,"href":"https:\/\/sertv.gob.pa\/nacionalfm\/wp-json\/wp\/v2\/users\/9"}],"replies":[{"embeddable":true,"href":"https:\/\/sertv.gob.pa\/nacionalfm\/wp-json\/wp\/v2\/comments?post=85215"}],"version-history":[{"count":1,"href":"https:\/\/sertv.gob.pa\/nacionalfm\/wp-json\/wp\/v2\/posts\/85215\/revisions"}],"predecessor-version":[{"id":85217,"href":"https:\/\/sertv.gob.pa\/nacionalfm\/wp-json\/wp\/v2\/posts\/85215\/revisions\/85217"}],"wp:featuredmedia":[{"embeddable":true,"href":"https:\/\/sertv.gob.pa\/nacionalfm\/wp-json\/wp\/v2\/media\/85216"}],"wp:attachment":[{"href":"https:\/\/sertv.gob.pa\/nacionalfm\/wp-json\/wp\/v2\/media?parent=85215"}],"wp:term":[{"taxonomy":"category","embeddable":true,"href":"https:\/\/sertv.gob.pa\/nacionalfm\/wp-json\/wp\/v2\/categories?post=85215"},{"taxonomy":"post_tag","embeddable":true,"href":"https:\/\/sertv.gob.pa\/nacionalfm\/wp-json\/wp\/v2\/tags?post=85215"}],"curies":[{"name":"wp","href":"https:\/\/api.w.org\/{rel}","templated":true}]}}