{"id":85268,"date":"2022-07-27T20:21:02","date_gmt":"2022-07-27T20:21:02","guid":{"rendered":"https:\/\/sertv.gob.pa\/nacionalfm\/?p=85268"},"modified":"2022-07-27T20:21:02","modified_gmt":"2022-07-27T20:21:02","slug":"biden-abandona-la-cuarentena-tras-dar-dos-veces-negativo-en-coronavirus","status":"publish","type":"post","link":"https:\/\/sertv.gob.pa\/nacionalfm\/biden-abandona-la-cuarentena-tras-dar-dos-veces-negativo-en-coronavirus\/","title":{"rendered":"Biden abandona la cuarentena tras dar dos veces negativo en coronavirus"},"content":{"rendered":"<p><strong><em>MADRID, (EUROPA PRESS) &#8211;<\/em><\/strong><\/p>\n<p>&nbsp;<\/p>\n<p>El presidente de Estados Unidos, Joe Biden, ha abandonado este mi\u00e9rcoles el periodo de cuarentena por coronavirus, iniciado hace casi una semana, tras dar negativo en dos test consecutivos.<\/p>\n<p>As\u00ed lo ha confirmado el m\u00e9dico de Biden, Kevin O&#8217;Connor, en un comunicado, donde ha detallado que los leves s\u00edntomas que manifestaba el mandatario \u00abya casi se han resuelto por completo\u00bb.<\/p>\n<p>\u00abDados estos factores tranquilizadores, el presidente suspender\u00e1 sus estrictas medidas de aislamiento\u00bb, ha se\u00f1alado O&#8217;Connor, a quien m\u00e1s tarde el propio Biden ha agradecido su trabajo durante estos d\u00edas.<\/p>\n<p>\u00abDe vuelta al Despacho Oval. Gracias al doctor por la buena atenci\u00f3n y a todos ustedes por su apoyo\u00bb, ha se\u00f1alado Biden en una publicaci\u00f3n en su perfil de Twitter en la que ha adjuntado una fotograf\u00eda de un test de ant\u00edgenos negativo.<\/p>\n<p>Sin embargo, O&#8217;Connor ha apuntado que el inquilino de la Casa Blanca seguir\u00e1 utilizando mascarilla durante al menos diez d\u00edas \u00absiempre que est\u00e9 cerca de otras personas\u00bb, siguiendo as\u00ed las pautas marcadas por los Centros de Control y Prevenci\u00f3n de Enfermedades de Estados Unidos (CDC, por sus siglas en ingl\u00e9s).<\/p>\n<p>El caso de Biden, quien cuenta con la pauta completa de la vacuna y dos dosis de refuerzo contra el coronavirus, ha servido a la Administraci\u00f3n estadounidense para alentar a la poblaci\u00f3n a inmunizarse.<\/p>\n<p>El presidente estadounidense dio positivo por COVID-19 el pasado jueves, si bien se en todo momento ha evolucionado favorablemente de la enfermedad y tan solo ha presentado \u00abs\u00edntomas muy leves\u00bb.<\/p>\n<p>&nbsp;<\/p>\n<p>Fuente: EUROPA PRESS<\/p>\n","protected":false},"excerpt":{"rendered":"<p>MADRID, (EUROPA PRESS) &#8211; &nbsp; El presidente de Estados Unidos, <a href=\"https:\/\/sertv.gob.pa\/nacionalfm\/biden-abandona-la-cuarentena-tras-dar-dos-veces-negativo-en-coronavirus\/\"> [&#8230;]<\/a><\/p>\n","protected":false},"author":9,"featured_media":85269,"comment_status":"closed","ping_status":"closed","sticky":false,"template":"","format":"standard","meta":{"footnotes":""},"categories":[3],"tags":[],"class_list":["post-85268","post","type-post","status-publish","format-standard","has-post-thumbnail","hentry","category-internacionales"],"_links":{"self":[{"href":"https:\/\/sertv.gob.pa\/nacionalfm\/wp-json\/wp\/v2\/posts\/85268","targetHints":{"allow":["GET"]}}],"collection":[{"href":"https:\/\/sertv.gob.pa\/nacionalfm\/wp-json\/wp\/v2\/posts"}],"about":[{"href":"https:\/\/sertv.gob.pa\/nacionalfm\/wp-json\/wp\/v2\/types\/post"}],"author":[{"embeddable":true,"href":"https:\/\/sertv.gob.pa\/nacionalfm\/wp-json\/wp\/v2\/users\/9"}],"replies":[{"embeddable":true,"href":"https:\/\/sertv.gob.pa\/nacionalfm\/wp-json\/wp\/v2\/comments?post=85268"}],"version-history":[{"count":1,"href":"https:\/\/sertv.gob.pa\/nacionalfm\/wp-json\/wp\/v2\/posts\/85268\/revisions"}],"predecessor-version":[{"id":85270,"href":"https:\/\/sertv.gob.pa\/nacionalfm\/wp-json\/wp\/v2\/posts\/85268\/revisions\/85270"}],"wp:featuredmedia":[{"embeddable":true,"href":"https:\/\/sertv.gob.pa\/nacionalfm\/wp-json\/wp\/v2\/media\/85269"}],"wp:attachment":[{"href":"https:\/\/sertv.gob.pa\/nacionalfm\/wp-json\/wp\/v2\/media?parent=85268"}],"wp:term":[{"taxonomy":"category","embeddable":true,"href":"https:\/\/sertv.gob.pa\/nacionalfm\/wp-json\/wp\/v2\/categories?post=85268"},{"taxonomy":"post_tag","embeddable":true,"href":"https:\/\/sertv.gob.pa\/nacionalfm\/wp-json\/wp\/v2\/tags?post=85268"}],"curies":[{"name":"wp","href":"https:\/\/api.w.org\/{rel}","templated":true}]}}