{"id":8527,"date":"2015-10-30T16:29:26","date_gmt":"2015-10-30T16:29:26","guid":{"rendered":""},"modified":"2015-10-30T16:29:26","modified_gmt":"2015-10-30T16:29:26","slug":"retiran-del-mercado-2-farmacos-para-bajar-de-peso","status":"publish","type":"post","link":"https:\/\/sertv.gob.pa\/nacionalfm\/retiran-del-mercado-2-farmacos-para-bajar-de-peso\/","title":{"rendered":"Retiran del mercado 2 f\u00e1rmacos para bajar de peso"},"content":{"rendered":"<p>\nLos medicamentos que contienen el principio activo Clobenzorex, recetados para bajar de peso, fueron retirados del mercado paname\u00f1o por orden del Ministerio de Salud. <\/p>\n<p>La informaci\u00f3n fue publicada por el Centro Nacional de Farmacovigilancia de la Direcci\u00f3n Nacional de Farmacias y Drogas y est\u00e1 firmada por la directora de esta entidad, Jenny Vergara. <\/p>\n<p>Seg\u00fan la informaci\u00f3n divulgada, la toma del medicamento estar\u00eda asociada con potenciales problemas cardiovasculares, pulmonares y de posible adicci\u00f3n. <\/p>\n<p>En la actualidad, en Panam\u00e1 se venden dos medicamentos con este principio activo:  Obeclox, de Medic S.A, y Asenlix, de Sanfi Aventis.  <\/p>\n<p>\u00a0 <\/p>\n","protected":false},"excerpt":{"rendered":"<p>Los medicamentos que contienen el principio activo Clobenzorex, recetados para <a href=\"https:\/\/sertv.gob.pa\/nacionalfm\/retiran-del-mercado-2-farmacos-para-bajar-de-peso\/\"> [&#8230;]<\/a><\/p>\n","protected":false},"author":1,"featured_media":8528,"comment_status":"closed","ping_status":"closed","sticky":false,"template":"","format":"standard","meta":{"footnotes":""},"categories":[5],"tags":[],"class_list":["post-8527","post","type-post","status-publish","format-standard","has-post-thumbnail","hentry","category-salud"],"_links":{"self":[{"href":"https:\/\/sertv.gob.pa\/nacionalfm\/wp-json\/wp\/v2\/posts\/8527","targetHints":{"allow":["GET"]}}],"collection":[{"href":"https:\/\/sertv.gob.pa\/nacionalfm\/wp-json\/wp\/v2\/posts"}],"about":[{"href":"https:\/\/sertv.gob.pa\/nacionalfm\/wp-json\/wp\/v2\/types\/post"}],"author":[{"embeddable":true,"href":"https:\/\/sertv.gob.pa\/nacionalfm\/wp-json\/wp\/v2\/users\/1"}],"replies":[{"embeddable":true,"href":"https:\/\/sertv.gob.pa\/nacionalfm\/wp-json\/wp\/v2\/comments?post=8527"}],"version-history":[{"count":0,"href":"https:\/\/sertv.gob.pa\/nacionalfm\/wp-json\/wp\/v2\/posts\/8527\/revisions"}],"wp:featuredmedia":[{"embeddable":true,"href":"https:\/\/sertv.gob.pa\/nacionalfm\/wp-json\/wp\/v2\/media\/8528"}],"wp:attachment":[{"href":"https:\/\/sertv.gob.pa\/nacionalfm\/wp-json\/wp\/v2\/media?parent=8527"}],"wp:term":[{"taxonomy":"category","embeddable":true,"href":"https:\/\/sertv.gob.pa\/nacionalfm\/wp-json\/wp\/v2\/categories?post=8527"},{"taxonomy":"post_tag","embeddable":true,"href":"https:\/\/sertv.gob.pa\/nacionalfm\/wp-json\/wp\/v2\/tags?post=8527"}],"curies":[{"name":"wp","href":"https:\/\/api.w.org\/{rel}","templated":true}]}}