{"id":85327,"date":"2022-07-28T20:36:31","date_gmt":"2022-07-28T20:36:31","guid":{"rendered":"https:\/\/sertv.gob.pa\/nacionalfm\/?p=85327"},"modified":"2022-07-28T20:36:31","modified_gmt":"2022-07-28T20:36:31","slug":"naciones-unidas-espera-que-los-primeros-barcos-con-cereales-salgan-este-viernes-desde-puertos-ucranianos","status":"publish","type":"post","link":"https:\/\/sertv.gob.pa\/nacionalfm\/naciones-unidas-espera-que-los-primeros-barcos-con-cereales-salgan-este-viernes-desde-puertos-ucranianos\/","title":{"rendered":"Naciones Unidas espera que los primeros barcos con cereales salgan este viernes desde puertos ucranianos"},"content":{"rendered":"<p><strong><em>NUEVA YORK, (DPA\/EP) &#8211;<\/em><\/strong><\/p>\n<p>&nbsp;<\/p>\n<p>El secretario General Adjunto de Naciones Unidas para Asuntos Humanitarios, Martin Griffiths, ha confirmado que ya hay barcos cargados con cereal en los puertos ucranianos a la espera de poder partir y ha mostrado su esperanza de que estas primeras rutas puedan iniciarse ma\u00f1ana viernes.<\/p>\n<p>Sin embargo, Griffiths ha reconocido que las partes involucradas en el acuerdo para la exportaci\u00f3n de alimentos desde territorio ucraniano &#8211;Ucrania, Rusia, Turqu\u00eda y Naciones Unidas&#8211; a\u00fan siguen perfilando las coordenadas exactas de las rutas.<\/p>\n<p>Las partes acordaron que los barcos cruzar\u00edan el mar Negro hacia el estrecho del B\u00f3sforo, en Turqu\u00eda, pa\u00eds donde se ha establecido un centro de coordinaci\u00f3n conjunto que incluye representantes de los tres pa\u00edses y de la ONU.<\/p>\n<p>Este centro, ubicado en Estambul, es el encargado de examinar los barcos que entren en Ucrania con el fin de garantizar que no est\u00e9n introduciendo armas o material de combate en el pa\u00eds, inmerso en un conflicto b\u00e9lico desde finales de febrero tras la orden de invasi\u00f3n del presidente ruso, Vladimir Putin.<\/p>\n<p>Ucrania se comprometi\u00f3 a guiar a los barcos a trav\u00e9s de aguas que han sido minadas y Rusia prometi\u00f3 no fijar como objetivo a los barcos ni a determinadas infraestructuras portuarias.<\/p>\n<p>Seg\u00fan Griffiths, una vez que se certifique la puesta en marcha de las exportaciones, se podr\u00edan llegar a alcanzar las cinco toneladas de alimento al mes, unos niveles semejantes a los de antes del inicio de la guerra y nunca registrados desde entonces.<\/p>\n<p>De acuerdo con informaciones aportadas por las autoridades de Ucrania, pa\u00eds considerado como el &#8216;granero de Europa&#8217;, m\u00e1s de 20 millones de toneladas de cereal esperan para ser exportadas.<\/p>\n<p>&nbsp;<\/p>\n<p>Fuente: DPA\/EP<\/p>\n<p>&nbsp;<\/p>\n","protected":false},"excerpt":{"rendered":"<p>NUEVA YORK, (DPA\/EP) &#8211; &nbsp; El secretario General Adjunto de <a href=\"https:\/\/sertv.gob.pa\/nacionalfm\/naciones-unidas-espera-que-los-primeros-barcos-con-cereales-salgan-este-viernes-desde-puertos-ucranianos\/\"> [&#8230;]<\/a><\/p>\n","protected":false},"author":9,"featured_media":85328,"comment_status":"closed","ping_status":"closed","sticky":false,"template":"","format":"standard","meta":{"footnotes":""},"categories":[3],"tags":[],"class_list":["post-85327","post","type-post","status-publish","format-standard","has-post-thumbnail","hentry","category-internacionales"],"_links":{"self":[{"href":"https:\/\/sertv.gob.pa\/nacionalfm\/wp-json\/wp\/v2\/posts\/85327","targetHints":{"allow":["GET"]}}],"collection":[{"href":"https:\/\/sertv.gob.pa\/nacionalfm\/wp-json\/wp\/v2\/posts"}],"about":[{"href":"https:\/\/sertv.gob.pa\/nacionalfm\/wp-json\/wp\/v2\/types\/post"}],"author":[{"embeddable":true,"href":"https:\/\/sertv.gob.pa\/nacionalfm\/wp-json\/wp\/v2\/users\/9"}],"replies":[{"embeddable":true,"href":"https:\/\/sertv.gob.pa\/nacionalfm\/wp-json\/wp\/v2\/comments?post=85327"}],"version-history":[{"count":1,"href":"https:\/\/sertv.gob.pa\/nacionalfm\/wp-json\/wp\/v2\/posts\/85327\/revisions"}],"predecessor-version":[{"id":85329,"href":"https:\/\/sertv.gob.pa\/nacionalfm\/wp-json\/wp\/v2\/posts\/85327\/revisions\/85329"}],"wp:featuredmedia":[{"embeddable":true,"href":"https:\/\/sertv.gob.pa\/nacionalfm\/wp-json\/wp\/v2\/media\/85328"}],"wp:attachment":[{"href":"https:\/\/sertv.gob.pa\/nacionalfm\/wp-json\/wp\/v2\/media?parent=85327"}],"wp:term":[{"taxonomy":"category","embeddable":true,"href":"https:\/\/sertv.gob.pa\/nacionalfm\/wp-json\/wp\/v2\/categories?post=85327"},{"taxonomy":"post_tag","embeddable":true,"href":"https:\/\/sertv.gob.pa\/nacionalfm\/wp-json\/wp\/v2\/tags?post=85327"}],"curies":[{"name":"wp","href":"https:\/\/api.w.org\/{rel}","templated":true}]}}