{"id":8535,"date":"2015-10-30T18:44:30","date_gmt":"2015-10-30T18:44:30","guid":{"rendered":""},"modified":"2015-10-30T18:44:30","modified_gmt":"2015-10-30T18:44:30","slug":"crean-medicamento-que-puede-curar-la-gripe-en-un-dia","status":"publish","type":"post","link":"https:\/\/sertv.gob.pa\/nacionalfm\/crean-medicamento-que-puede-curar-la-gripe-en-un-dia\/","title":{"rendered":"Crean medicamento que puede curar la gripe en un d\u00eda"},"content":{"rendered":"<p>\nEl  nuevo  f\u00e1rmaco de la compa\u00f1\u00eda Shionogi &#038; Co. inhibe la actividad de las enzimas que ayudan a la propagaci\u00f3n de los virus de la gripe que entran en el cuerpo a trav\u00e9s de la garganta o la nariz. El medicamento se administra por v\u00eda oral, informa el diario japon\u00e9s &#8216;Nikkei&#8217;. <\/p>\n<p>El medicamento ya ha pasado con \u00e9xito los primeros ensayos cl\u00ednicos en Jap\u00f3n. <\/p>\n<p>El Ministerio de  Salud  del pa\u00eds asi\u00e1tico considera que podr\u00e1 comenzar su comercializaci\u00f3n en 2018 una vez haya obtenido la confirmaci\u00f3n final de la eficacia y seguridad del f\u00e1rmaco y la finalizaci\u00f3n de los tr\u00e1mites necesarios para su licencia. <\/p>\n<p>\u00a0 <\/p>\n<p>\u00a0 <\/p>\n<p>\u00a0 <\/p>\n","protected":false},"excerpt":{"rendered":"<p>El nuevo f\u00e1rmaco de la compa\u00f1\u00eda Shionogi &#038; Co. inhibe <a href=\"https:\/\/sertv.gob.pa\/nacionalfm\/crean-medicamento-que-puede-curar-la-gripe-en-un-dia\/\"> [&#8230;]<\/a><\/p>\n","protected":false},"author":1,"featured_media":8536,"comment_status":"closed","ping_status":"closed","sticky":false,"template":"","format":"standard","meta":{"footnotes":""},"categories":[5],"tags":[],"class_list":["post-8535","post","type-post","status-publish","format-standard","has-post-thumbnail","hentry","category-salud"],"_links":{"self":[{"href":"https:\/\/sertv.gob.pa\/nacionalfm\/wp-json\/wp\/v2\/posts\/8535","targetHints":{"allow":["GET"]}}],"collection":[{"href":"https:\/\/sertv.gob.pa\/nacionalfm\/wp-json\/wp\/v2\/posts"}],"about":[{"href":"https:\/\/sertv.gob.pa\/nacionalfm\/wp-json\/wp\/v2\/types\/post"}],"author":[{"embeddable":true,"href":"https:\/\/sertv.gob.pa\/nacionalfm\/wp-json\/wp\/v2\/users\/1"}],"replies":[{"embeddable":true,"href":"https:\/\/sertv.gob.pa\/nacionalfm\/wp-json\/wp\/v2\/comments?post=8535"}],"version-history":[{"count":0,"href":"https:\/\/sertv.gob.pa\/nacionalfm\/wp-json\/wp\/v2\/posts\/8535\/revisions"}],"wp:featuredmedia":[{"embeddable":true,"href":"https:\/\/sertv.gob.pa\/nacionalfm\/wp-json\/wp\/v2\/media\/8536"}],"wp:attachment":[{"href":"https:\/\/sertv.gob.pa\/nacionalfm\/wp-json\/wp\/v2\/media?parent=8535"}],"wp:term":[{"taxonomy":"category","embeddable":true,"href":"https:\/\/sertv.gob.pa\/nacionalfm\/wp-json\/wp\/v2\/categories?post=8535"},{"taxonomy":"post_tag","embeddable":true,"href":"https:\/\/sertv.gob.pa\/nacionalfm\/wp-json\/wp\/v2\/tags?post=8535"}],"curies":[{"name":"wp","href":"https:\/\/api.w.org\/{rel}","templated":true}]}}