{"id":85393,"date":"2022-07-29T19:30:44","date_gmt":"2022-07-29T19:30:44","guid":{"rendered":"https:\/\/sertv.gob.pa\/nacionalfm\/?p=85393"},"modified":"2022-07-29T19:30:44","modified_gmt":"2022-07-29T19:30:44","slug":"la-onu-no-ve-senales-de-que-la-guerra-en-ucrania-vaya-a-terminar","status":"publish","type":"post","link":"https:\/\/sertv.gob.pa\/nacionalfm\/la-onu-no-ve-senales-de-que-la-guerra-en-ucrania-vaya-a-terminar\/","title":{"rendered":"La ONU no ve se\u00f1ales de que la guerra en Ucrania vaya a terminar"},"content":{"rendered":"<p><strong><em>MADRID, (EUROPA PRESS) &#8211;<\/em><\/strong><\/p>\n<p>&nbsp;<\/p>\n<p>La subsecretaria general de la ONU para Asuntos Pol\u00edticos, Rosemary DiCarlo, ha se\u00f1alado ante el Consejo de Seguridad de Naciones Unidas este viernes que no hay se\u00f1ales de que la guerra en Ucrania vaya a terminar y ha alertado del peligro que supone la llegada del invierno.<\/p>\n<p>Pese a la firma de un acuerdo a varios bandos &#8211;Turqu\u00eda, Ucrania, Rusia y la ONU&#8211; que permitir\u00e1 reabrir tres puertos ucranianos que hab\u00edan estado bloqueados durante meses, DiCarlo ha sentenciado que \u00abel di\u00e1logo pol\u00edtico se ha detenido\u00bb.<\/p>\n<p>El acuerdo sali\u00f3 adelante despu\u00e9s de que las partes accedieran a un plan auspiciado por la ONU para formar un centro de coordinaci\u00f3n en la ciudad de Estambul con el objetivo de llevar a cabo inspecciones conjuntas en las entradas y salidas de los puertos y garantizar la seguridad de las rutas.<\/p>\n<p>\u00abEl acuerdo de granos es una se\u00f1al de que el di\u00e1logo entre las partes es posible en la b\u00fasqueda de aliviar el sufrimiento humano\u00bb, ha valorado, agregando que, hasta el 25 de julio se han producido 414 ataques contra centros sanitarios en Ucrania, con un resultado de 85 muertos y 100 heridos.<\/p>\n<p>\u00abLos ataques indiscriminados contra civiles e infraestructura civil son una clara violaci\u00f3n del Derecho Humanitario y de los Derechos Humanos\u00bb, ha sentenciado ante un conflicto que se ha cobrado un precio \u00abinaceptablemente alto\u00bb entre civiles: 5.237 muertos y 7.035 heridos, seg\u00fan los \u00faltimos datos recogidos por la Oficina del Alto Comisionado para los Derechos Humanos.<\/p>\n<p>En este sentido, ha vuelto a reiterar su llamamiento a las partes para que respeten \u00ablas reglas de distinci\u00f3n, proporcionalidad y precauci\u00f3n y eviten el uso de armas pesadas en zonas pobladas\u00bb. \u00abHasta el 19 de julio, se registraron 5.984.263 refugiados de Ucrania en toda Europa\u00bb, ha indicado.<\/p>\n<p>Por ello, la subsecretaria general de la ONU para Asuntos Pol\u00edticos, ha precisado que, al entrar el conflicto en \u00abuna fase m\u00e1s prolongada\u00bb, \u00ablas consecuencias ser\u00e1n m\u00e1s pronunciadas cuanto m\u00e1s dure el conflicto, especialmente con la llegada del invierno\u00bb.<\/p>\n<p>\u00abLa ret\u00f3rica escalofriante de cualquier lado, incluso sobre la expansi\u00f3n geogr\u00e1fica del conflicto o la negaci\u00f3n de la condici\u00f3n de Estado de Ucrania, no es consistente con el esp\u00edritu constructivo demostrado en Estambul\u00bb, ha zanjado.<\/p>\n<p>Fuente: EUROPA PRESS<\/p>\n","protected":false},"excerpt":{"rendered":"<p>MADRID, (EUROPA PRESS) &#8211; &nbsp; La subsecretaria general de la <a href=\"https:\/\/sertv.gob.pa\/nacionalfm\/la-onu-no-ve-senales-de-que-la-guerra-en-ucrania-vaya-a-terminar\/\"> [&#8230;]<\/a><\/p>\n","protected":false},"author":9,"featured_media":85394,"comment_status":"closed","ping_status":"closed","sticky":false,"template":"","format":"standard","meta":{"footnotes":""},"categories":[3],"tags":[],"class_list":["post-85393","post","type-post","status-publish","format-standard","has-post-thumbnail","hentry","category-internacionales"],"_links":{"self":[{"href":"https:\/\/sertv.gob.pa\/nacionalfm\/wp-json\/wp\/v2\/posts\/85393","targetHints":{"allow":["GET"]}}],"collection":[{"href":"https:\/\/sertv.gob.pa\/nacionalfm\/wp-json\/wp\/v2\/posts"}],"about":[{"href":"https:\/\/sertv.gob.pa\/nacionalfm\/wp-json\/wp\/v2\/types\/post"}],"author":[{"embeddable":true,"href":"https:\/\/sertv.gob.pa\/nacionalfm\/wp-json\/wp\/v2\/users\/9"}],"replies":[{"embeddable":true,"href":"https:\/\/sertv.gob.pa\/nacionalfm\/wp-json\/wp\/v2\/comments?post=85393"}],"version-history":[{"count":1,"href":"https:\/\/sertv.gob.pa\/nacionalfm\/wp-json\/wp\/v2\/posts\/85393\/revisions"}],"predecessor-version":[{"id":85395,"href":"https:\/\/sertv.gob.pa\/nacionalfm\/wp-json\/wp\/v2\/posts\/85393\/revisions\/85395"}],"wp:featuredmedia":[{"embeddable":true,"href":"https:\/\/sertv.gob.pa\/nacionalfm\/wp-json\/wp\/v2\/media\/85394"}],"wp:attachment":[{"href":"https:\/\/sertv.gob.pa\/nacionalfm\/wp-json\/wp\/v2\/media?parent=85393"}],"wp:term":[{"taxonomy":"category","embeddable":true,"href":"https:\/\/sertv.gob.pa\/nacionalfm\/wp-json\/wp\/v2\/categories?post=85393"},{"taxonomy":"post_tag","embeddable":true,"href":"https:\/\/sertv.gob.pa\/nacionalfm\/wp-json\/wp\/v2\/tags?post=85393"}],"curies":[{"name":"wp","href":"https:\/\/api.w.org\/{rel}","templated":true}]}}