{"id":85458,"date":"2022-08-01T19:58:33","date_gmt":"2022-08-01T19:58:33","guid":{"rendered":"https:\/\/sertv.gob.pa\/nacionalfm\/?p=85458"},"modified":"2022-08-01T19:58:33","modified_gmt":"2022-08-01T19:58:33","slug":"india-confirma-su-primer-fallecido-por-viruela-simica","status":"publish","type":"post","link":"https:\/\/sertv.gob.pa\/nacionalfm\/india-confirma-su-primer-fallecido-por-viruela-simica\/","title":{"rendered":"India confirma su primer fallecido por viruela s\u00edmica"},"content":{"rendered":"<p>&nbsp;<\/p>\n<p><strong><em>MADRID, (EUROPA PRESS) &#8211;<\/em><\/strong><\/p>\n<p>&nbsp;<\/p>\n<p>Las autoridades de India han confirmado este lunes el primer muerto en el pa\u00eds a causa de la viruela s\u00edmica y han detallado que se trata de un hombre fallecido el s\u00e1bado tras haber vuelto de un viaje en Emiratos \u00c1rabes Unidos (EAU).<\/p>\n<p>La ministra de Sanidad del estado de Kerala, Veena George, ha se\u00f1alado que el hombre, de 22 a\u00f1os y residente en Thrissur, muri\u00f3 en un hospital privado de la localidad d\u00edas despu\u00e9s de volver de EAU, seg\u00fan ha recogido el diario &#8216;The Indian Express&#8217;.<\/p>\n<p>As\u00ed, ha resaltado que los resultados de las pruebas realizadas en EAU han mostrado que dio positivo por viruela s\u00edmica y ha agregado que \u00ablos familiares entregaron los resultados el s\u00e1bado\u00bb.<\/p>\n<p>India, que hasta la fecha ha confirmado cuatro casos de esta enfermedad &#8211;tres en Kerala y uno en la capital, Nueva Delhi&#8211;, se ha convertido as\u00ed en el tercer pa\u00eds en confirmar fallecidos por viruela s\u00edmica fuera de \u00c1frica, tras Espa\u00f1a y Brasil.<\/p>\n<p>La Organizaci\u00f3n Mundial de la Salud (OMS) declar\u00f3 a finales de julio la enfermedad como una emergencia de salud p\u00fablica de car\u00e1cter preocupante a nivel internacional.<\/p>\n<p>La viruela s\u00edmica es una zoonosis v\u00edrica, es decir, una enfermedad provocada por virus transmitido de los animales a las personas, que produce s\u00edntomas parecidos a los que se observaban en los pacientes de viruela en el pasado, aunque menos graves, seg\u00fan recoge la propia OMS en su p\u00e1gina web.<\/p>\n","protected":false},"excerpt":{"rendered":"<p>&nbsp; MADRID, (EUROPA PRESS) &#8211; &nbsp; Las autoridades de India <a href=\"https:\/\/sertv.gob.pa\/nacionalfm\/india-confirma-su-primer-fallecido-por-viruela-simica\/\"> [&#8230;]<\/a><\/p>\n","protected":false},"author":9,"featured_media":85459,"comment_status":"closed","ping_status":"closed","sticky":false,"template":"","format":"standard","meta":{"footnotes":""},"categories":[3],"tags":[],"class_list":["post-85458","post","type-post","status-publish","format-standard","has-post-thumbnail","hentry","category-internacionales"],"_links":{"self":[{"href":"https:\/\/sertv.gob.pa\/nacionalfm\/wp-json\/wp\/v2\/posts\/85458","targetHints":{"allow":["GET"]}}],"collection":[{"href":"https:\/\/sertv.gob.pa\/nacionalfm\/wp-json\/wp\/v2\/posts"}],"about":[{"href":"https:\/\/sertv.gob.pa\/nacionalfm\/wp-json\/wp\/v2\/types\/post"}],"author":[{"embeddable":true,"href":"https:\/\/sertv.gob.pa\/nacionalfm\/wp-json\/wp\/v2\/users\/9"}],"replies":[{"embeddable":true,"href":"https:\/\/sertv.gob.pa\/nacionalfm\/wp-json\/wp\/v2\/comments?post=85458"}],"version-history":[{"count":1,"href":"https:\/\/sertv.gob.pa\/nacionalfm\/wp-json\/wp\/v2\/posts\/85458\/revisions"}],"predecessor-version":[{"id":85460,"href":"https:\/\/sertv.gob.pa\/nacionalfm\/wp-json\/wp\/v2\/posts\/85458\/revisions\/85460"}],"wp:featuredmedia":[{"embeddable":true,"href":"https:\/\/sertv.gob.pa\/nacionalfm\/wp-json\/wp\/v2\/media\/85459"}],"wp:attachment":[{"href":"https:\/\/sertv.gob.pa\/nacionalfm\/wp-json\/wp\/v2\/media?parent=85458"}],"wp:term":[{"taxonomy":"category","embeddable":true,"href":"https:\/\/sertv.gob.pa\/nacionalfm\/wp-json\/wp\/v2\/categories?post=85458"},{"taxonomy":"post_tag","embeddable":true,"href":"https:\/\/sertv.gob.pa\/nacionalfm\/wp-json\/wp\/v2\/tags?post=85458"}],"curies":[{"name":"wp","href":"https:\/\/api.w.org\/{rel}","templated":true}]}}