{"id":85491,"date":"2022-08-02T16:54:50","date_gmt":"2022-08-02T16:54:50","guid":{"rendered":"https:\/\/sertv.gob.pa\/nacionalfm\/?p=85491"},"modified":"2022-08-02T16:54:50","modified_gmt":"2022-08-02T16:54:50","slug":"centro-de-salud-de-alcalde-diaz-realiza-feria-para-obtener-el-carne-blanco-y-verde","status":"publish","type":"post","link":"https:\/\/sertv.gob.pa\/nacionalfm\/centro-de-salud-de-alcalde-diaz-realiza-feria-para-obtener-el-carne-blanco-y-verde\/","title":{"rendered":"Centro de Salud de Alcalde D\u00edaz, realiza feria para obtener el carn\u00e9 blanco y verde"},"content":{"rendered":"<p>Unas 112 personas acudieron este domingo 31 de julio, al Centro de Salud de Alcalde D\u00edaz, a la feria de certificados de salud, de carn\u00e9 de manipulador de alimentos y de operarios de inter\u00e9s sanitario (carn\u00e9 blanco y verde).<\/p>\n<p>De esta manera, se apoya a la poblaci\u00f3n que requiere estos certificados, para laborar de manera independiente o en alg\u00fan establecimiento de inter\u00e9s sanitario.<\/p>\n<p><strong><em>A los presentes, se les realizaron los ex\u00e1menes necesarios para la obtenci\u00f3n del carn\u00e9 de salud (blanco) y se les impartieron las charlas de buenas pr\u00e1cticas para manipular alimentos y las charlas para las personas que laborar\u00e1n en salas de belleza, barber\u00edas y otros que requieren el sello de inter\u00e9s sanitario (carn\u00e9 verde).<\/em><\/strong><\/p>\n<p><strong><em>El Centro de Capacitaci\u00f3n de Manipulador de Alimentos de la Regi\u00f3n de Salud de Panam\u00e1 Norte, ubicado en el PH Las Cumbres, tambi\u00e9n imparte las charlas con previa cita, para aquellos que necesiten sacar su carn\u00e9 verde de lunes a jueves en horario de 8:00 a 12:00 medio d\u00eda a un costo de B\/10.00.<\/em><\/strong><\/p>\n<p>&nbsp;<\/p>\n<p>Fuente: MINSA<\/p>\n","protected":false},"excerpt":{"rendered":"<p>Unas 112 personas acudieron este domingo 31 de julio, al <a href=\"https:\/\/sertv.gob.pa\/nacionalfm\/centro-de-salud-de-alcalde-diaz-realiza-feria-para-obtener-el-carne-blanco-y-verde\/\"> [&#8230;]<\/a><\/p>\n","protected":false},"author":9,"featured_media":85492,"comment_status":"closed","ping_status":"closed","sticky":false,"template":"","format":"standard","meta":{"footnotes":""},"categories":[5],"tags":[],"class_list":["post-85491","post","type-post","status-publish","format-standard","has-post-thumbnail","hentry","category-salud"],"_links":{"self":[{"href":"https:\/\/sertv.gob.pa\/nacionalfm\/wp-json\/wp\/v2\/posts\/85491","targetHints":{"allow":["GET"]}}],"collection":[{"href":"https:\/\/sertv.gob.pa\/nacionalfm\/wp-json\/wp\/v2\/posts"}],"about":[{"href":"https:\/\/sertv.gob.pa\/nacionalfm\/wp-json\/wp\/v2\/types\/post"}],"author":[{"embeddable":true,"href":"https:\/\/sertv.gob.pa\/nacionalfm\/wp-json\/wp\/v2\/users\/9"}],"replies":[{"embeddable":true,"href":"https:\/\/sertv.gob.pa\/nacionalfm\/wp-json\/wp\/v2\/comments?post=85491"}],"version-history":[{"count":1,"href":"https:\/\/sertv.gob.pa\/nacionalfm\/wp-json\/wp\/v2\/posts\/85491\/revisions"}],"predecessor-version":[{"id":85496,"href":"https:\/\/sertv.gob.pa\/nacionalfm\/wp-json\/wp\/v2\/posts\/85491\/revisions\/85496"}],"wp:featuredmedia":[{"embeddable":true,"href":"https:\/\/sertv.gob.pa\/nacionalfm\/wp-json\/wp\/v2\/media\/85492"}],"wp:attachment":[{"href":"https:\/\/sertv.gob.pa\/nacionalfm\/wp-json\/wp\/v2\/media?parent=85491"}],"wp:term":[{"taxonomy":"category","embeddable":true,"href":"https:\/\/sertv.gob.pa\/nacionalfm\/wp-json\/wp\/v2\/categories?post=85491"},{"taxonomy":"post_tag","embeddable":true,"href":"https:\/\/sertv.gob.pa\/nacionalfm\/wp-json\/wp\/v2\/tags?post=85491"}],"curies":[{"name":"wp","href":"https:\/\/api.w.org\/{rel}","templated":true}]}}