{"id":85520,"date":"2022-08-02T20:33:08","date_gmt":"2022-08-02T20:33:08","guid":{"rendered":"https:\/\/sertv.gob.pa\/nacionalfm\/?p=85520"},"modified":"2022-08-02T20:33:08","modified_gmt":"2022-08-02T20:33:08","slug":"la-casa-blanca-nombra-un-coordinador-para-la-respuesta-a-la-viruela-simica-en-estados-unidos","status":"publish","type":"post","link":"https:\/\/sertv.gob.pa\/nacionalfm\/la-casa-blanca-nombra-un-coordinador-para-la-respuesta-a-la-viruela-simica-en-estados-unidos\/","title":{"rendered":"La Casa Blanca nombra un coordinador para la respuesta a la viruela s\u00edmica en Estados Unidos"},"content":{"rendered":"<p><strong><em>\u00a0<\/em><\/strong><\/p>\n<p><strong><em>MADRID, (EUROPA PRESS) &#8211;<\/em><\/strong><\/p>\n<p>&nbsp;<\/p>\n<p>La Casa Blanca ha nombrado este martes a Robert Fenton, un funcionario de la Agencia Federal para el Manejo de Emergencias (FEMA, por sus siglas en ingl\u00e9s), como coordinador de la respuesta a la viruela s\u00edmica.<\/p>\n<p>El nombramiento de Fenton al frente de este nuevo equipo se da en un momento en el virus se propaga en Estados Unidos y la Administraci\u00f3n del presidente, Joe Biden, busca intensificar la respuesta gubernamental a la situaci\u00f3n sanitaria.<\/p>\n<p>Junto a Fenton, las autoridades estadounidenses han designado a Demetre Daskalakis, un empleado de los Centros para el Control y Prevenci\u00f3n de Enfermedades (CDC, por sus siglas en ingl\u00e9s), como coordinador adjunto, seg\u00fan &#8216;The Hill&#8217;.<\/p>\n<p>\u00abEsperamos asociarnos con Bob Fenton y Demetre Daskalakis mientras trabajamos para poner fin al brote de viruela s\u00edmica en Estados Unidos\u00bb, ha se\u00f1alado el secretario de Salud y Servicios Humanos, Xavier Becerra.<\/p>\n<p>Este paso de la Administraci\u00f3n Biden se da en un momento en el que recibe cr\u00edticas por su lenta respuesta a la propagaci\u00f3n del virus, que dej\u00f3 su primer caso en territorio estadounidense en mayo y que a d\u00eda de hoy ya se ha cobrado varias vidas fuera del continente africano.<\/p>\n<p>En este contexto, estados como California, Illinois o Nueva York han declarado en los \u00faltimos d\u00edas la emergencia sanitaria a cuenta de la viruela s\u00edmica. A d\u00eda de hoy, Estados Unidos supera ya las 5.800 infecciones por el virus.<\/p>\n<p>\u00abDurante las pr\u00f3ximas semanas, bajo el liderazgo de Fenton y Daskalakis, la Administraci\u00f3n avanzar\u00e1 y acelerar\u00e1 la respuesta de Estados Unidos contra la viruela s\u00edmica para mitigar su propagaci\u00f3n, proteger a las personas con mayor riesgo de contraer el virus y cuidar a quienes lo han contra\u00eddo\u00bb, ha zanjado la Casa Blanca.<\/p>\n<p>La viruela s\u00edmica es una zoonosis v\u00edrica, es decir, una enfermedad provocada por virus transmitido de los animales a las personas, que produce s\u00edntomas parecidos a los que se observaban en los pacientes de viruela en el pasado, aunque menos graves, seg\u00fan recoge la Organizaci\u00f3n Mundial de la Salud (OMS) en su p\u00e1gina web.<\/p>\n<p>El organismo, que a finales de julio declar\u00f3 la enfermedad como una emergencia de salud p\u00fablica de car\u00e1cter preocupante a nivel internacional, destaca que la viruela s\u00edmica \u00abse presenta principalmente en zonas de selva tropical de \u00c1frica central y occidental y, espor\u00e1dicamente, se exporta a otras regiones\u00bb.<\/p>\n<p>&nbsp;<\/p>\n<p>Fuente: EUROPA PRESS<\/p>\n","protected":false},"excerpt":{"rendered":"<p>\u00a0 MADRID, (EUROPA PRESS) &#8211; &nbsp; La Casa Blanca ha <a href=\"https:\/\/sertv.gob.pa\/nacionalfm\/la-casa-blanca-nombra-un-coordinador-para-la-respuesta-a-la-viruela-simica-en-estados-unidos\/\"> [&#8230;]<\/a><\/p>\n","protected":false},"author":9,"featured_media":85521,"comment_status":"closed","ping_status":"closed","sticky":false,"template":"","format":"standard","meta":{"footnotes":""},"categories":[3],"tags":[],"class_list":["post-85520","post","type-post","status-publish","format-standard","has-post-thumbnail","hentry","category-internacionales"],"_links":{"self":[{"href":"https:\/\/sertv.gob.pa\/nacionalfm\/wp-json\/wp\/v2\/posts\/85520","targetHints":{"allow":["GET"]}}],"collection":[{"href":"https:\/\/sertv.gob.pa\/nacionalfm\/wp-json\/wp\/v2\/posts"}],"about":[{"href":"https:\/\/sertv.gob.pa\/nacionalfm\/wp-json\/wp\/v2\/types\/post"}],"author":[{"embeddable":true,"href":"https:\/\/sertv.gob.pa\/nacionalfm\/wp-json\/wp\/v2\/users\/9"}],"replies":[{"embeddable":true,"href":"https:\/\/sertv.gob.pa\/nacionalfm\/wp-json\/wp\/v2\/comments?post=85520"}],"version-history":[{"count":1,"href":"https:\/\/sertv.gob.pa\/nacionalfm\/wp-json\/wp\/v2\/posts\/85520\/revisions"}],"predecessor-version":[{"id":85523,"href":"https:\/\/sertv.gob.pa\/nacionalfm\/wp-json\/wp\/v2\/posts\/85520\/revisions\/85523"}],"wp:featuredmedia":[{"embeddable":true,"href":"https:\/\/sertv.gob.pa\/nacionalfm\/wp-json\/wp\/v2\/media\/85521"}],"wp:attachment":[{"href":"https:\/\/sertv.gob.pa\/nacionalfm\/wp-json\/wp\/v2\/media?parent=85520"}],"wp:term":[{"taxonomy":"category","embeddable":true,"href":"https:\/\/sertv.gob.pa\/nacionalfm\/wp-json\/wp\/v2\/categories?post=85520"},{"taxonomy":"post_tag","embeddable":true,"href":"https:\/\/sertv.gob.pa\/nacionalfm\/wp-json\/wp\/v2\/tags?post=85520"}],"curies":[{"name":"wp","href":"https:\/\/api.w.org\/{rel}","templated":true}]}}