{"id":85587,"date":"2022-08-03T19:47:42","date_gmt":"2022-08-03T19:47:42","guid":{"rendered":"https:\/\/sertv.gob.pa\/nacionalfm\/?p=85587"},"modified":"2022-08-03T19:47:42","modified_gmt":"2022-08-03T19:47:42","slug":"asesinado-en-el-estado-de-guanajato-el-periodista-mexicano-ernesto-mendez","status":"publish","type":"post","link":"https:\/\/sertv.gob.pa\/nacionalfm\/asesinado-en-el-estado-de-guanajato-el-periodista-mexicano-ernesto-mendez\/","title":{"rendered":"Asesinado en el estado de Guanajato, el periodista mexicano Ernesto M\u00e9ndez"},"content":{"rendered":"<p><strong><em>MADRID, (EUROPA PRESS) &#8211;<\/em><\/strong><\/p>\n<p>&nbsp;<\/p>\n<p>El periodista mexicano Ernesto M\u00e9ndez, director del medio local &#8216;Tu Voz&#8217;, ha fallecido en la noche del martes en la localidad de San Luis de la Paz, en el estado de Guanajato, tras ser atacado por un grupo armado.<\/p>\n<p>Seg\u00fan los primeros informes, M\u00e9ndez se encontraba en un bar propiedad de su familia, cuando un grupo armado irrumpi\u00f3 en el lugar, dejando tras de s\u00ed cuatro muertos, uno de ellos el periodista, y dos heridos, seg\u00fan recoge &#8216;Milenio&#8217;.<\/p>\n<p>De acuerdo con la asociaci\u00f3n Article 19, especializada en la libertad de prensa y derecho a la informaci\u00f3n, M\u00e9ndez ya hab\u00eda denunciado anteriormente amenazas, por lo que el grupo ha hecho un llamamiento a la Fiscal\u00eda para que investigue el caso.<\/p>\n<p>La organizaci\u00f3n ha pedido a la Fiscal\u00eda Especial para la Atenci\u00f3n de Delitos cometidos contra la Libertad de Expresi\u00f3n que considere la labor informativa del periodista como m\u00f3vil del crimen.<\/p>\n<p>Desde comienzo del presente a\u00f1o el gremio period\u00edstico ha sufrido una ola de violencia por el asesinato de periodistas, siendo el de M\u00e9ndez el decimotercer caso en lo que va de a\u00f1o.<\/p>\n<p>El Comit\u00e9 para la Protecci\u00f3n de los Periodistas (CPJ, por sus siglas en ingl\u00e9s) ha informado de que, en los \u00faltimos 30 a\u00f1os, en torno a 140 periodistas han sido asesinados en M\u00e9xico, lo que convierte al pa\u00eds en uno de los m\u00e1s peligrosos para ejercer la profesi\u00f3n.<\/p>\n<p>&nbsp;<\/p>\n<p>Fuente: EUROPA PRESS<\/p>\n","protected":false},"excerpt":{"rendered":"<p>MADRID, (EUROPA PRESS) &#8211; &nbsp; El periodista mexicano Ernesto M\u00e9ndez, <a href=\"https:\/\/sertv.gob.pa\/nacionalfm\/asesinado-en-el-estado-de-guanajato-el-periodista-mexicano-ernesto-mendez\/\"> [&#8230;]<\/a><\/p>\n","protected":false},"author":9,"featured_media":85588,"comment_status":"closed","ping_status":"closed","sticky":false,"template":"","format":"standard","meta":{"footnotes":""},"categories":[3],"tags":[],"class_list":["post-85587","post","type-post","status-publish","format-standard","has-post-thumbnail","hentry","category-internacionales"],"_links":{"self":[{"href":"https:\/\/sertv.gob.pa\/nacionalfm\/wp-json\/wp\/v2\/posts\/85587","targetHints":{"allow":["GET"]}}],"collection":[{"href":"https:\/\/sertv.gob.pa\/nacionalfm\/wp-json\/wp\/v2\/posts"}],"about":[{"href":"https:\/\/sertv.gob.pa\/nacionalfm\/wp-json\/wp\/v2\/types\/post"}],"author":[{"embeddable":true,"href":"https:\/\/sertv.gob.pa\/nacionalfm\/wp-json\/wp\/v2\/users\/9"}],"replies":[{"embeddable":true,"href":"https:\/\/sertv.gob.pa\/nacionalfm\/wp-json\/wp\/v2\/comments?post=85587"}],"version-history":[{"count":1,"href":"https:\/\/sertv.gob.pa\/nacionalfm\/wp-json\/wp\/v2\/posts\/85587\/revisions"}],"predecessor-version":[{"id":85589,"href":"https:\/\/sertv.gob.pa\/nacionalfm\/wp-json\/wp\/v2\/posts\/85587\/revisions\/85589"}],"wp:featuredmedia":[{"embeddable":true,"href":"https:\/\/sertv.gob.pa\/nacionalfm\/wp-json\/wp\/v2\/media\/85588"}],"wp:attachment":[{"href":"https:\/\/sertv.gob.pa\/nacionalfm\/wp-json\/wp\/v2\/media?parent=85587"}],"wp:term":[{"taxonomy":"category","embeddable":true,"href":"https:\/\/sertv.gob.pa\/nacionalfm\/wp-json\/wp\/v2\/categories?post=85587"},{"taxonomy":"post_tag","embeddable":true,"href":"https:\/\/sertv.gob.pa\/nacionalfm\/wp-json\/wp\/v2\/tags?post=85587"}],"curies":[{"name":"wp","href":"https:\/\/api.w.org\/{rel}","templated":true}]}}