{"id":85634,"date":"2022-08-04T20:26:17","date_gmt":"2022-08-04T20:26:17","guid":{"rendered":"https:\/\/sertv.gob.pa\/nacionalfm\/?p=85634"},"modified":"2022-08-04T20:26:17","modified_gmt":"2022-08-04T20:26:17","slug":"al-menos-ocho-mineros-atrapados-tras-el-derrumbe-de-una-explotacion-de-carbon-en-mexico","status":"publish","type":"post","link":"https:\/\/sertv.gob.pa\/nacionalfm\/al-menos-ocho-mineros-atrapados-tras-el-derrumbe-de-una-explotacion-de-carbon-en-mexico\/","title":{"rendered":"Al menos ocho mineros atrapados tras el derrumbe de una explotaci\u00f3n de carb\u00f3n en M\u00e9xico"},"content":{"rendered":"<p><strong><em>\u00a0MADRID, (EUROPA PRESS) &#8211;<\/em><\/strong><\/p>\n<p>&nbsp;<\/p>\n<p>Al menos ocho mineros han quedado atrapados y dos han logrado salir con vida tras el derrumbe de una mina de carb\u00f3n en la localidad mexicana de Sabinas, en la regi\u00f3n carbon\u00edfera de Coahuila, en el norte del pa\u00eds.<\/p>\n<p>Alrededor de las 13.35 horas (hora local), una mina de carb\u00f3n ha colapsado despu\u00e9s de que los mineros se toparan con un r\u00edo subterr\u00e1neo, que ha acabado provocando una inundaci\u00f3n y dejando atrapados a los trabajadores de la explotaci\u00f3n de carb\u00f3n, seg\u00fan ha informado &#8216;El Universal&#8217;.<\/p>\n<p>Uno de los mineros que trabajaba en la zona ha sido el que ha dado a conocer lo ocurrido a Protecci\u00f3n Civil, despu\u00e9s de que consiguiera salir sano y salvo por una mina vieja.<\/p>\n<p>Dos horas m\u00e1s tarde, otro de sus compa\u00f1eros fue rescatado por brigadistas, seg\u00fan ha podido saber &#8216;El Sol de M\u00e9xico&#8217;.<\/p>\n<p>El presidente mexicano, Andr\u00e9s Manuel L\u00f3pez Obrador, ha asegurado en su cuenta de Twitter que en la zona ya est\u00e1n actuando las secretar\u00edas del Trabajo y de Seguridad, Protecci\u00f3n Civil, el Ej\u00e9rcito, as\u00ed como rescatistas y otras autoridades de la regi\u00f3n.<\/p>\n<p>\u00abEsperamos encontrarlos a salvo\u00bb, ha expresado el mandatario de M\u00e9xico en la red social.<\/p>\n<p>La mina inici\u00f3 sus operaciones en enero de 2022, y hasta la fecha no se hab\u00eda registrado ninguna denuncia por alg\u00fan tipo de anomal\u00edas. Sin embargo, en la regi\u00f3n son comunes este tipo de accidentes, el \u00faltimo registrado en junio de 2021, en el siete personas perdieron la vida despu\u00e9s de que se inundara el \u00e1rea donde trabajaban.<\/p>\n<p>&nbsp;<\/p>\n<p>Fuente: EUROPA PRESS<\/p>\n","protected":false},"excerpt":{"rendered":"<p>\u00a0MADRID, (EUROPA PRESS) &#8211; &nbsp; Al menos ocho mineros han <a href=\"https:\/\/sertv.gob.pa\/nacionalfm\/al-menos-ocho-mineros-atrapados-tras-el-derrumbe-de-una-explotacion-de-carbon-en-mexico\/\"> [&#8230;]<\/a><\/p>\n","protected":false},"author":9,"featured_media":85635,"comment_status":"closed","ping_status":"closed","sticky":false,"template":"","format":"standard","meta":{"footnotes":""},"categories":[3],"tags":[],"class_list":["post-85634","post","type-post","status-publish","format-standard","has-post-thumbnail","hentry","category-internacionales"],"_links":{"self":[{"href":"https:\/\/sertv.gob.pa\/nacionalfm\/wp-json\/wp\/v2\/posts\/85634","targetHints":{"allow":["GET"]}}],"collection":[{"href":"https:\/\/sertv.gob.pa\/nacionalfm\/wp-json\/wp\/v2\/posts"}],"about":[{"href":"https:\/\/sertv.gob.pa\/nacionalfm\/wp-json\/wp\/v2\/types\/post"}],"author":[{"embeddable":true,"href":"https:\/\/sertv.gob.pa\/nacionalfm\/wp-json\/wp\/v2\/users\/9"}],"replies":[{"embeddable":true,"href":"https:\/\/sertv.gob.pa\/nacionalfm\/wp-json\/wp\/v2\/comments?post=85634"}],"version-history":[{"count":1,"href":"https:\/\/sertv.gob.pa\/nacionalfm\/wp-json\/wp\/v2\/posts\/85634\/revisions"}],"predecessor-version":[{"id":85636,"href":"https:\/\/sertv.gob.pa\/nacionalfm\/wp-json\/wp\/v2\/posts\/85634\/revisions\/85636"}],"wp:featuredmedia":[{"embeddable":true,"href":"https:\/\/sertv.gob.pa\/nacionalfm\/wp-json\/wp\/v2\/media\/85635"}],"wp:attachment":[{"href":"https:\/\/sertv.gob.pa\/nacionalfm\/wp-json\/wp\/v2\/media?parent=85634"}],"wp:term":[{"taxonomy":"category","embeddable":true,"href":"https:\/\/sertv.gob.pa\/nacionalfm\/wp-json\/wp\/v2\/categories?post=85634"},{"taxonomy":"post_tag","embeddable":true,"href":"https:\/\/sertv.gob.pa\/nacionalfm\/wp-json\/wp\/v2\/tags?post=85634"}],"curies":[{"name":"wp","href":"https:\/\/api.w.org\/{rel}","templated":true}]}}