{"id":85717,"date":"2022-08-08T17:11:30","date_gmt":"2022-08-08T17:11:30","guid":{"rendered":"https:\/\/sertv.gob.pa\/nacionalfm\/?p=85717"},"modified":"2022-08-08T17:11:30","modified_gmt":"2022-08-08T17:11:30","slug":"amplian-instalaciones-en-centro-de-salud-de-san-mateo-en-david","status":"publish","type":"post","link":"https:\/\/sertv.gob.pa\/nacionalfm\/amplian-instalaciones-en-centro-de-salud-de-san-mateo-en-david\/","title":{"rendered":"Ampl\u00edan instalaciones en Centro de Salud de San Mateo en David"},"content":{"rendered":"<p>&nbsp;<\/p>\n<p>Tres cub\u00edculos y dos nuevos ba\u00f1os se construyen en el Centro de Salud de San Mateo, en David y ser\u00e1n recibidas pr\u00f3ximamente por las autoridades del Ministerio de Salud en la Regi\u00f3n de Chiriqu\u00ed.<\/p>\n<p>La directora m\u00e9dico del Centro de Salud de San Mateo, Gretta Hidalgo, indic\u00f3 que, la remodelaci\u00f3n y ampliaci\u00f3n de estas instalaciones eran necesarias para atender a la poblaci\u00f3n que asiste a las mismas.<\/p>\n<p>En los primeros cinco meses del presente a\u00f1o, el personal del Centro de Salud, atendi\u00f3 19 mil 668 usuarios, incluyendo cuatro mil 339 pacientes covid que fueron atendidos en sus residencias.<\/p>\n<p>Mientras tanto, Hidalgo de Kelso, destac\u00f3 la necesidad de que la poblaci\u00f3n, busque atenci\u00f3n en las instalaciones que les corresponde; ya que, la afluencia de pacientes asegurados y de residentes en otros distritos, suele rebasar la capacidad de las instalaciones y del personal disponible en el Centro de Salud de San Mateo.<\/p>\n<p>&nbsp;<\/p>\n<p>Fuente: MINSA<\/p>\n","protected":false},"excerpt":{"rendered":"<p>&nbsp; Tres cub\u00edculos y dos nuevos ba\u00f1os se construyen en <a href=\"https:\/\/sertv.gob.pa\/nacionalfm\/amplian-instalaciones-en-centro-de-salud-de-san-mateo-en-david\/\"> [&#8230;]<\/a><\/p>\n","protected":false},"author":9,"featured_media":85718,"comment_status":"closed","ping_status":"closed","sticky":false,"template":"","format":"standard","meta":{"footnotes":""},"categories":[5],"tags":[],"class_list":["post-85717","post","type-post","status-publish","format-standard","has-post-thumbnail","hentry","category-salud"],"_links":{"self":[{"href":"https:\/\/sertv.gob.pa\/nacionalfm\/wp-json\/wp\/v2\/posts\/85717","targetHints":{"allow":["GET"]}}],"collection":[{"href":"https:\/\/sertv.gob.pa\/nacionalfm\/wp-json\/wp\/v2\/posts"}],"about":[{"href":"https:\/\/sertv.gob.pa\/nacionalfm\/wp-json\/wp\/v2\/types\/post"}],"author":[{"embeddable":true,"href":"https:\/\/sertv.gob.pa\/nacionalfm\/wp-json\/wp\/v2\/users\/9"}],"replies":[{"embeddable":true,"href":"https:\/\/sertv.gob.pa\/nacionalfm\/wp-json\/wp\/v2\/comments?post=85717"}],"version-history":[{"count":1,"href":"https:\/\/sertv.gob.pa\/nacionalfm\/wp-json\/wp\/v2\/posts\/85717\/revisions"}],"predecessor-version":[{"id":85723,"href":"https:\/\/sertv.gob.pa\/nacionalfm\/wp-json\/wp\/v2\/posts\/85717\/revisions\/85723"}],"wp:featuredmedia":[{"embeddable":true,"href":"https:\/\/sertv.gob.pa\/nacionalfm\/wp-json\/wp\/v2\/media\/85718"}],"wp:attachment":[{"href":"https:\/\/sertv.gob.pa\/nacionalfm\/wp-json\/wp\/v2\/media?parent=85717"}],"wp:term":[{"taxonomy":"category","embeddable":true,"href":"https:\/\/sertv.gob.pa\/nacionalfm\/wp-json\/wp\/v2\/categories?post=85717"},{"taxonomy":"post_tag","embeddable":true,"href":"https:\/\/sertv.gob.pa\/nacionalfm\/wp-json\/wp\/v2\/tags?post=85717"}],"curies":[{"name":"wp","href":"https:\/\/api.w.org\/{rel}","templated":true}]}}