{"id":85727,"date":"2022-08-08T18:59:41","date_gmt":"2022-08-08T18:59:41","guid":{"rendered":"https:\/\/sertv.gob.pa\/nacionalfm\/?p=85727"},"modified":"2022-08-08T18:59:41","modified_gmt":"2022-08-08T18:59:41","slug":"petro-da-a-conocer-los-nombres-de-su-gabinete-ministerial-e-inicia-de-manera-formal-su-gobierno","status":"publish","type":"post","link":"https:\/\/sertv.gob.pa\/nacionalfm\/petro-da-a-conocer-los-nombres-de-su-gabinete-ministerial-e-inicia-de-manera-formal-su-gobierno\/","title":{"rendered":"Petro da a conocer los nombres de su gabinete ministerial e inicia de manera formal su Gobierno"},"content":{"rendered":"<p><strong><em>MADRID, (EUROPA PRESS) &#8211;<\/em><\/strong><\/p>\n<p>&nbsp;<\/p>\n<p>El reci\u00e9n investido presidente de Colombia, Gustavo Petro, ha revelado este domingo durante su toma de posesi\u00f3n los nombres de las personas que estar\u00e1n al cargo de los 18 ministerios de su Ejecutivo, iniciando de manera formal su Gobierno.<\/p>\n<p>El gabinete colombiano, a falta de conocer el nombre de la persona que liderar\u00e1 el Ministerio de Ciencia, Tecnolog\u00eda e Innovaci\u00f3n, estar\u00e1 compuesto por al menos nueve mujeres, tal y como ha dado a conocer el propio Petro durante la ceremonia de traspaso del poder.<\/p>\n<p>\u00abN\u00e9stor Osuna, abogado del Externado y quien fue magistrado del Consejo Superior de la Judicatura ser\u00e1 el ministro de Justicia. La independencia judicial, la lucha contra la corrupci\u00f3n y el acceso de la ciudadan\u00eda al sistema judicial ser\u00e1n pilares de una reforma a la justicia\u00bb, ha explicado Petro en su cuenta en Twitter.<\/p>\n<p>M\u00e1s tarde ha publicado el nombre de Catalina Velasco para liderar el Ministerio de Vivienda, Ciudad y Territorio. \u00abMujer experta en h\u00e1bitat y planeaci\u00f3n (&#8230;) Una de sus responsabilidades ser\u00e1 la de liderar una verdadera pol\u00edtica p\u00fablica de vivienda social en Colombia\u00bb, ha resaltado.<\/p>\n<p>La persona al frente del Ministerio de las Tecnolog\u00edas de la Informaci\u00f3n y Comunicaciones ser\u00e1 la especialista en nuevas tecnolog\u00edas Mery Guti\u00e9rrez, mientras que el abogado Guillermo Reyes ser\u00e1 el nuevo ministro de Transporte.<\/p>\n<p>\u00abGerm\u00e1n Uma\u00f1a Mendoza, economista de la Universidad Nacional, y especialista en planificaci\u00f3n e industria ser\u00e1 el ministro de Comercio e Industria. Nuestra econom\u00eda debe volcarse al turismo, a potenciar y a revitalizar la producci\u00f3n y la industria\u00bb, ha detallado Petro en Twitter.<\/p>\n<p>El Ministerio de Hacienda y Cr\u00e9dito P\u00fablico lo liderar\u00e1 el economista Jos\u00e9 Antonio Ocampo, el de Agricultura y Desarrollo Rural la economista Cecilia Matilde L\u00f3pez, mientras que el de Salud y Protecci\u00f3n Social lo har\u00e1 Diana Carolina Corcho.<\/p>\n<p>Al frente del Ministerio de Trabajo se encontrar\u00e1 la f\u00edsica Gloria In\u00e9s Ramirez, y la persona encargada de liderar el Ministerio de Minas y Energ\u00eda ser\u00e1 la fil\u00f3sofa Irene V\u00e9lez Torres. La cartera de Educaci\u00f3n ser\u00e1 para el ingeniero civil Alejandro Gaviria, mientras que el de Ambiente y Desarrollo Sostenible ser\u00e1 para la polit\u00f3loga Mar\u00eda Susana Muhamad.<\/p>\n<p>En el Ministerio del Deporte, que fue creado bajo el mandato del presidente saliente, Iv\u00e1n Duque, estar\u00e1 la medallista Mar\u00eda Isabel Urrutia. En el Ministerio de Cultura ser\u00e1 Patricia Arias la encargada, cuya experiencia se basa en el arte pl\u00e1stico con experiencia en las artes esc\u00e9nicas.<\/p>\n<p>Adem\u00e1s, anteriormente se hab\u00edan dado a conocer a los miembros clave del gabinete como Alfonso Prada (Interior), \u00c1lvaro Leyva (Exteriores), Iv\u00e1n Vel\u00e1squez (Defensa) o la vicepresidenta Francia M\u00e1rquez, que ser\u00e1 adem\u00e1s ministra de Igualdad y Mujer.<\/p>\n<p>Hasta el momento se desconoce qui\u00e9n ser\u00e1 la persona que ocupar\u00e1 la cartera de Ciencia, Tecnolog\u00eda e Innovaci\u00f3n, aunque Petro ha adelantado que le tomar\u00e1 posesi\u00f3n de su cargo este lunes, ha informado &#8216;El Espectador&#8217;.<\/p>\n<p>&nbsp;<\/p>\n<p>Fuente: EUROPA PRESS<\/p>\n","protected":false},"excerpt":{"rendered":"<p>MADRID, (EUROPA PRESS) &#8211; &nbsp; El reci\u00e9n investido presidente de <a href=\"https:\/\/sertv.gob.pa\/nacionalfm\/petro-da-a-conocer-los-nombres-de-su-gabinete-ministerial-e-inicia-de-manera-formal-su-gobierno\/\"> [&#8230;]<\/a><\/p>\n","protected":false},"author":9,"featured_media":85728,"comment_status":"closed","ping_status":"closed","sticky":false,"template":"","format":"standard","meta":{"footnotes":""},"categories":[3],"tags":[],"class_list":["post-85727","post","type-post","status-publish","format-standard","has-post-thumbnail","hentry","category-internacionales"],"_links":{"self":[{"href":"https:\/\/sertv.gob.pa\/nacionalfm\/wp-json\/wp\/v2\/posts\/85727","targetHints":{"allow":["GET"]}}],"collection":[{"href":"https:\/\/sertv.gob.pa\/nacionalfm\/wp-json\/wp\/v2\/posts"}],"about":[{"href":"https:\/\/sertv.gob.pa\/nacionalfm\/wp-json\/wp\/v2\/types\/post"}],"author":[{"embeddable":true,"href":"https:\/\/sertv.gob.pa\/nacionalfm\/wp-json\/wp\/v2\/users\/9"}],"replies":[{"embeddable":true,"href":"https:\/\/sertv.gob.pa\/nacionalfm\/wp-json\/wp\/v2\/comments?post=85727"}],"version-history":[{"count":1,"href":"https:\/\/sertv.gob.pa\/nacionalfm\/wp-json\/wp\/v2\/posts\/85727\/revisions"}],"predecessor-version":[{"id":85729,"href":"https:\/\/sertv.gob.pa\/nacionalfm\/wp-json\/wp\/v2\/posts\/85727\/revisions\/85729"}],"wp:featuredmedia":[{"embeddable":true,"href":"https:\/\/sertv.gob.pa\/nacionalfm\/wp-json\/wp\/v2\/media\/85728"}],"wp:attachment":[{"href":"https:\/\/sertv.gob.pa\/nacionalfm\/wp-json\/wp\/v2\/media?parent=85727"}],"wp:term":[{"taxonomy":"category","embeddable":true,"href":"https:\/\/sertv.gob.pa\/nacionalfm\/wp-json\/wp\/v2\/categories?post=85727"},{"taxonomy":"post_tag","embeddable":true,"href":"https:\/\/sertv.gob.pa\/nacionalfm\/wp-json\/wp\/v2\/tags?post=85727"}],"curies":[{"name":"wp","href":"https:\/\/api.w.org\/{rel}","templated":true}]}}