{"id":85781,"date":"2022-08-09T19:01:52","date_gmt":"2022-08-09T19:01:52","guid":{"rendered":"https:\/\/sertv.gob.pa\/nacionalfm\/?p=85781"},"modified":"2022-08-09T19:01:52","modified_gmt":"2022-08-09T19:01:52","slug":"unicef-reclama-un-acuerdo-a-largo-plazo-para-proteger-a-los-ninos-en-la-franja-de-gaza","status":"publish","type":"post","link":"https:\/\/sertv.gob.pa\/nacionalfm\/unicef-reclama-un-acuerdo-a-largo-plazo-para-proteger-a-los-ninos-en-la-franja-de-gaza\/","title":{"rendered":"UNICEF reclama un acuerdo a largo plazo para proteger a los ni\u00f1os en la Franja de Gaza"},"content":{"rendered":"<p><strong><em>MADRID, (EUROPA PRESS) &#8211;<\/em><\/strong><\/p>\n<p>&nbsp;<\/p>\n<p>El Fondo de Naciones Unidas para la Infancia (UNICEF) ha reclamado a israel\u00edes y palestinos un acuerdo pol\u00edtico a largo plazo que evite cruces de ataques como los registrados en los \u00faltimos d\u00edas en la Franja de Gaza, donde han muerto 15 ni\u00f1os y 150 han resultado heridos.<\/p>\n<p>La directora regional de UNICEF para Oriente Pr\u00f3ximo y el Norte de \u00c1frica, Adele Khodr, ha afirmado que \u00abcuando la violencia estalla, son los ni\u00f1os y ni\u00f1as los que pagan el precio\u00bb. \u00abDetr\u00e1s de estas cifras hay vidas j\u00f3venes\u00bb, ha se\u00f1alado en un comunicado.<\/p>\n<p>Las autoridades de Israel y Yihad Isl\u00e1mica aplican desde el domingo por la noche un alto el fuego, pero Khodr ha se\u00f1alado que el impacto de este timpo de escaladas es \u00abmuy grande\u00bb y trasciende a las treguas. No en vano, \u00abpara muchos ni\u00f1os, este ha sido el quinto conflicto que han vivido en los \u00faltimos quince a\u00f1os\u00bb y \u00abmuchos menores ya viven con el efecto psicol\u00f3gico a largo plazo de la continua exposici\u00f3n a la violencia\u00bb.<\/p>\n<p>UNICEF distribuye ayuda sanitaria de emergencia para 50.000 personas y conf\u00eda en que todos los ni\u00f1os \u00abpuedan volver a la escuela de manera segura a finales de agosto\u00bb, algo para lo que ya trabaja junto a sus aliados.<\/p>\n<p>&nbsp;<\/p>\n<p>Fuente: EUROPA PRESS<\/p>\n","protected":false},"excerpt":{"rendered":"<p>MADRID, (EUROPA PRESS) &#8211; &nbsp; El Fondo de Naciones Unidas <a href=\"https:\/\/sertv.gob.pa\/nacionalfm\/unicef-reclama-un-acuerdo-a-largo-plazo-para-proteger-a-los-ninos-en-la-franja-de-gaza\/\"> [&#8230;]<\/a><\/p>\n","protected":false},"author":9,"featured_media":85782,"comment_status":"closed","ping_status":"closed","sticky":false,"template":"","format":"standard","meta":{"footnotes":""},"categories":[3],"tags":[],"class_list":["post-85781","post","type-post","status-publish","format-standard","has-post-thumbnail","hentry","category-internacionales"],"_links":{"self":[{"href":"https:\/\/sertv.gob.pa\/nacionalfm\/wp-json\/wp\/v2\/posts\/85781","targetHints":{"allow":["GET"]}}],"collection":[{"href":"https:\/\/sertv.gob.pa\/nacionalfm\/wp-json\/wp\/v2\/posts"}],"about":[{"href":"https:\/\/sertv.gob.pa\/nacionalfm\/wp-json\/wp\/v2\/types\/post"}],"author":[{"embeddable":true,"href":"https:\/\/sertv.gob.pa\/nacionalfm\/wp-json\/wp\/v2\/users\/9"}],"replies":[{"embeddable":true,"href":"https:\/\/sertv.gob.pa\/nacionalfm\/wp-json\/wp\/v2\/comments?post=85781"}],"version-history":[{"count":1,"href":"https:\/\/sertv.gob.pa\/nacionalfm\/wp-json\/wp\/v2\/posts\/85781\/revisions"}],"predecessor-version":[{"id":85783,"href":"https:\/\/sertv.gob.pa\/nacionalfm\/wp-json\/wp\/v2\/posts\/85781\/revisions\/85783"}],"wp:featuredmedia":[{"embeddable":true,"href":"https:\/\/sertv.gob.pa\/nacionalfm\/wp-json\/wp\/v2\/media\/85782"}],"wp:attachment":[{"href":"https:\/\/sertv.gob.pa\/nacionalfm\/wp-json\/wp\/v2\/media?parent=85781"}],"wp:term":[{"taxonomy":"category","embeddable":true,"href":"https:\/\/sertv.gob.pa\/nacionalfm\/wp-json\/wp\/v2\/categories?post=85781"},{"taxonomy":"post_tag","embeddable":true,"href":"https:\/\/sertv.gob.pa\/nacionalfm\/wp-json\/wp\/v2\/tags?post=85781"}],"curies":[{"name":"wp","href":"https:\/\/api.w.org\/{rel}","templated":true}]}}