{"id":85842,"date":"2022-08-10T20:10:59","date_gmt":"2022-08-10T20:10:59","guid":{"rendered":"https:\/\/sertv.gob.pa\/nacionalfm\/?p=85842"},"modified":"2022-08-10T20:10:59","modified_gmt":"2022-08-10T20:10:59","slug":"el-expresidente-de-paraguay-fernando-lugo-en-coma-inducido-tras-sufrir-un-accidente-cerebrovascular","status":"publish","type":"post","link":"https:\/\/sertv.gob.pa\/nacionalfm\/el-expresidente-de-paraguay-fernando-lugo-en-coma-inducido-tras-sufrir-un-accidente-cerebrovascular\/","title":{"rendered":"El expresidente de Paraguay Fernando Lugo, en coma inducido tras sufrir un accidente cerebrovascular"},"content":{"rendered":"<p><strong><em>MADRID, (EUROPA PRESS) &#8211;<\/em><\/strong><\/p>\n<p>&nbsp;<\/p>\n<p>El expresidente de Paraguay Fernando Lugo ha sufrido este mi\u00e9rcoles un accidente cerebrovascular mientras se encontraba en su despacho en la C\u00e1mara de Senadores del Congreso, por lo que los m\u00e9dicos que le han atendido han optado por inducirle el coma.<\/p>\n<p>Lugo, actualmente senador por el Frente Guasu, ha sufrido un \u00abderrame de origen isqu\u00e9mico\u00bb y permanecer\u00e1 en cuidados intensivos, si bien por el momento se descarta una intervenci\u00f3n neuroquir\u00fargica, seg\u00fan ha informado su m\u00e9dico, Jorge Querey.<\/p>\n<p>\u00abDentro de la complejidad, la situaci\u00f3n est\u00e1 controlada. Si no tenemos ninguna sorpresa, ser\u00e1 buen pron\u00f3stico\u00bb, ha explicado Querey, quien ha advertido de que el exmandatario es considerado paciente de riesgo, tal y como recoge el diario paraguayo &#8216;ABC Color&#8217;.<\/p>\n<p>El expresidente ya hab\u00edan presentado problemas de presi\u00f3n arterial durante su reciente visita a Colombia con motivo de la toma de posesi\u00f3n de Gustavo Petro como mandatario, seg\u00fan han confirmado al citado medio fuentes pol\u00edticas cercanas a Lugo.<\/p>\n<p>Lugo se desempe\u00f1\u00f3 como presidente de Paraguay entre 2008 y 2012, cuando el Senado aprob\u00f3 su destituci\u00f3n tras la celebraci\u00f3n de un \u00abjuicio pol\u00edtico\u00bb en su contra por una serie de disturbios donde 17 personas murieron en enfrentamientos entre campesinos y polic\u00edas.<\/p>\n<p>&nbsp;<\/p>\n<p>Fuente: EUROPA PRESS<\/p>\n<p>&nbsp;<\/p>\n","protected":false},"excerpt":{"rendered":"<p>MADRID, (EUROPA PRESS) &#8211; &nbsp; El expresidente de Paraguay Fernando <a href=\"https:\/\/sertv.gob.pa\/nacionalfm\/el-expresidente-de-paraguay-fernando-lugo-en-coma-inducido-tras-sufrir-un-accidente-cerebrovascular\/\"> [&#8230;]<\/a><\/p>\n","protected":false},"author":9,"featured_media":85843,"comment_status":"closed","ping_status":"closed","sticky":false,"template":"","format":"standard","meta":{"footnotes":""},"categories":[3],"tags":[],"class_list":["post-85842","post","type-post","status-publish","format-standard","has-post-thumbnail","hentry","category-internacionales"],"_links":{"self":[{"href":"https:\/\/sertv.gob.pa\/nacionalfm\/wp-json\/wp\/v2\/posts\/85842","targetHints":{"allow":["GET"]}}],"collection":[{"href":"https:\/\/sertv.gob.pa\/nacionalfm\/wp-json\/wp\/v2\/posts"}],"about":[{"href":"https:\/\/sertv.gob.pa\/nacionalfm\/wp-json\/wp\/v2\/types\/post"}],"author":[{"embeddable":true,"href":"https:\/\/sertv.gob.pa\/nacionalfm\/wp-json\/wp\/v2\/users\/9"}],"replies":[{"embeddable":true,"href":"https:\/\/sertv.gob.pa\/nacionalfm\/wp-json\/wp\/v2\/comments?post=85842"}],"version-history":[{"count":1,"href":"https:\/\/sertv.gob.pa\/nacionalfm\/wp-json\/wp\/v2\/posts\/85842\/revisions"}],"predecessor-version":[{"id":85844,"href":"https:\/\/sertv.gob.pa\/nacionalfm\/wp-json\/wp\/v2\/posts\/85842\/revisions\/85844"}],"wp:featuredmedia":[{"embeddable":true,"href":"https:\/\/sertv.gob.pa\/nacionalfm\/wp-json\/wp\/v2\/media\/85843"}],"wp:attachment":[{"href":"https:\/\/sertv.gob.pa\/nacionalfm\/wp-json\/wp\/v2\/media?parent=85842"}],"wp:term":[{"taxonomy":"category","embeddable":true,"href":"https:\/\/sertv.gob.pa\/nacionalfm\/wp-json\/wp\/v2\/categories?post=85842"},{"taxonomy":"post_tag","embeddable":true,"href":"https:\/\/sertv.gob.pa\/nacionalfm\/wp-json\/wp\/v2\/tags?post=85842"}],"curies":[{"name":"wp","href":"https:\/\/api.w.org\/{rel}","templated":true}]}}