{"id":8587,"date":"2015-11-02T18:50:25","date_gmt":"2015-11-02T18:50:25","guid":{"rendered":""},"modified":"2015-11-02T18:50:25","modified_gmt":"2015-11-02T18:50:25","slug":"son-poco-eficaces-las-dietas-sin-grasas","status":"publish","type":"post","link":"https:\/\/sertv.gob.pa\/nacionalfm\/son-poco-eficaces-las-dietas-sin-grasas\/","title":{"rendered":"\u00bfSon poco eficaces las dietas sin grasas?"},"content":{"rendered":"<p>\nDisminuir la cantidad de grasas parece ser la dieta obvia para adelgazar, pero un estudio que publica la revista m\u00e9dica The Lancet demuestra que no es tan as\u00ed. &lsquo;No hay pruebas contundentes que sustenten las dietas de reducci\u00f3n de grasas&#8217;, asegura la autora del estudio, Deirdre Tobias, de la Escuela de Medicina de la Universidad Harvard de Massachusetts. <\/p>\n<p>Seg\u00fan la nutricionista, &lsquo;detr\u00e1s de la habitual recomendaci\u00f3n de reducir las grasas, est\u00e1 la creencia de que alcanza con disminuir la ingesta de grasa para reducir naturalmente el peso&#8217;. <\/p>\n<p>Un an\u00e1lisis pormenorizado de 53 investigaciones sobre 68 mil casos de adultos, comparando dietas magras con las otras, incluyendo la ausencia de dieta, demuestran claramente lo contrario a la hora de obtener una reducci\u00f3n de peso a largo plazo, es decir superior a un a\u00f1o. <\/p>\n<p>Las dietas con reducci\u00f3n de grasas \u00fanicamente resultaron m\u00e1s eficaces cuando se las compar\u00f3 con una ausencia total de dieta. <\/p>\n<p>\u00a0 <\/p>\n","protected":false},"excerpt":{"rendered":"<p>Disminuir la cantidad de grasas parece ser la dieta obvia <a href=\"https:\/\/sertv.gob.pa\/nacionalfm\/son-poco-eficaces-las-dietas-sin-grasas\/\"> [&#8230;]<\/a><\/p>\n","protected":false},"author":1,"featured_media":8588,"comment_status":"closed","ping_status":"closed","sticky":false,"template":"","format":"standard","meta":{"footnotes":""},"categories":[5],"tags":[],"class_list":["post-8587","post","type-post","status-publish","format-standard","has-post-thumbnail","hentry","category-salud"],"_links":{"self":[{"href":"https:\/\/sertv.gob.pa\/nacionalfm\/wp-json\/wp\/v2\/posts\/8587","targetHints":{"allow":["GET"]}}],"collection":[{"href":"https:\/\/sertv.gob.pa\/nacionalfm\/wp-json\/wp\/v2\/posts"}],"about":[{"href":"https:\/\/sertv.gob.pa\/nacionalfm\/wp-json\/wp\/v2\/types\/post"}],"author":[{"embeddable":true,"href":"https:\/\/sertv.gob.pa\/nacionalfm\/wp-json\/wp\/v2\/users\/1"}],"replies":[{"embeddable":true,"href":"https:\/\/sertv.gob.pa\/nacionalfm\/wp-json\/wp\/v2\/comments?post=8587"}],"version-history":[{"count":0,"href":"https:\/\/sertv.gob.pa\/nacionalfm\/wp-json\/wp\/v2\/posts\/8587\/revisions"}],"wp:featuredmedia":[{"embeddable":true,"href":"https:\/\/sertv.gob.pa\/nacionalfm\/wp-json\/wp\/v2\/media\/8588"}],"wp:attachment":[{"href":"https:\/\/sertv.gob.pa\/nacionalfm\/wp-json\/wp\/v2\/media?parent=8587"}],"wp:term":[{"taxonomy":"category","embeddable":true,"href":"https:\/\/sertv.gob.pa\/nacionalfm\/wp-json\/wp\/v2\/categories?post=8587"},{"taxonomy":"post_tag","embeddable":true,"href":"https:\/\/sertv.gob.pa\/nacionalfm\/wp-json\/wp\/v2\/tags?post=8587"}],"curies":[{"name":"wp","href":"https:\/\/api.w.org\/{rel}","templated":true}]}}