{"id":85995,"date":"2022-08-16T20:27:41","date_gmt":"2022-08-16T20:27:41","guid":{"rendered":"https:\/\/sertv.gob.pa\/nacionalfm\/?p=85995"},"modified":"2022-08-16T20:27:41","modified_gmt":"2022-08-16T20:27:41","slug":"un-barco-con-23-000-toneladas-de-grano-de-la-onu-parte-de-ucrania-hacia-el-cuerno-de-africa","status":"publish","type":"post","link":"https:\/\/sertv.gob.pa\/nacionalfm\/un-barco-con-23-000-toneladas-de-grano-de-la-onu-parte-de-ucrania-hacia-el-cuerno-de-africa\/","title":{"rendered":"Un barco con 23.000 toneladas de grano de la ONU parte de Ucrania hacia el Cuerno de \u00c1frica"},"content":{"rendered":"<p><strong><em>MADRID, (EUROPA PRESS) &#8211;<\/em><\/strong><\/p>\n<p>&nbsp;<\/p>\n<p>El Ministerio de Infraestructura ucraniano ha informado de que un primer barco con cerca de 23.000 toneladas de grano, fletado por el Programa Mundial de Alimentos (PMA), ha salido este martes del puerto de Pivdennii, en la ciudad ucraniana de Yuzhne, hacia Yibuti, en el Cuerno de \u00c1frica.<\/p>\n<p>\u00abActualmente, el Ministerio de Infraestructura y Naciones Unidas est\u00e1n trabajando en formas de aumentar el suministro de alimentos para los sectores socialmente vulnerables de la poblaci\u00f3n africana\u00bb, ha indicado en un comunicado, agregando que ya son 17 los barcos con grano que han salido de puertos ucranianos.<\/p>\n<p>Seg\u00fan los datos proporcionados por el PMA, cerca de 345 millones de personas en 82 pa\u00edses se enfrentan a la inseguridad alimentaria aguda, mientras que hasta 50 millones de personas en 45 pa\u00edses est\u00e1n al borde de la hambruna y corren el riesgo de quedarse sin apoyo humanitario.<\/p>\n<p>El env\u00edo de este cargamento ayudar\u00e1 a paliar los efectos de la sequ\u00eda, especialmente en el Cuerno de \u00c1frica, donde el hambre y las condiciones clim\u00e1ticas adversas est\u00e1n destruyendo los medios de subsistencia en estos pa\u00edses.<\/p>\n<p>\u00abAbrir los puertos del mar Negro es lo m\u00e1s importante que podemos hacer en este momento para ayudar a los hambrientos del mundo\u00bb, ha dicho, por su parte, el director ejecutivo del PMA, David Beasley, quien ha se\u00f1alado que \u00abfalta algo m\u00e1s que barcos para terminar con el hambre en el mundo\u00bb.<\/p>\n<p>Pese a ello, ha subrayado que, gracias al acuerdo de protecci\u00f3n firmado el mes pasado en Estambul entre Ucrania, Rusia, Turqu\u00eda, y Naciones Unidas, el regreso del grano ucraniano al mercado mundial permitir\u00e1 que \u00abla crisis alimentaria mundial no se agrave a\u00fan m\u00e1s\u00bb.<\/p>\n<p><strong><em>\u00a0<\/em><\/strong><\/p>\n<p>Fuente: EUROPA PRESS<\/p>\n","protected":false},"excerpt":{"rendered":"<p>MADRID, (EUROPA PRESS) &#8211; &nbsp; El Ministerio de Infraestructura ucraniano <a href=\"https:\/\/sertv.gob.pa\/nacionalfm\/un-barco-con-23-000-toneladas-de-grano-de-la-onu-parte-de-ucrania-hacia-el-cuerno-de-africa\/\"> [&#8230;]<\/a><\/p>\n","protected":false},"author":9,"featured_media":85996,"comment_status":"closed","ping_status":"closed","sticky":false,"template":"","format":"standard","meta":{"footnotes":""},"categories":[3],"tags":[],"class_list":["post-85995","post","type-post","status-publish","format-standard","has-post-thumbnail","hentry","category-internacionales"],"_links":{"self":[{"href":"https:\/\/sertv.gob.pa\/nacionalfm\/wp-json\/wp\/v2\/posts\/85995","targetHints":{"allow":["GET"]}}],"collection":[{"href":"https:\/\/sertv.gob.pa\/nacionalfm\/wp-json\/wp\/v2\/posts"}],"about":[{"href":"https:\/\/sertv.gob.pa\/nacionalfm\/wp-json\/wp\/v2\/types\/post"}],"author":[{"embeddable":true,"href":"https:\/\/sertv.gob.pa\/nacionalfm\/wp-json\/wp\/v2\/users\/9"}],"replies":[{"embeddable":true,"href":"https:\/\/sertv.gob.pa\/nacionalfm\/wp-json\/wp\/v2\/comments?post=85995"}],"version-history":[{"count":1,"href":"https:\/\/sertv.gob.pa\/nacionalfm\/wp-json\/wp\/v2\/posts\/85995\/revisions"}],"predecessor-version":[{"id":85997,"href":"https:\/\/sertv.gob.pa\/nacionalfm\/wp-json\/wp\/v2\/posts\/85995\/revisions\/85997"}],"wp:featuredmedia":[{"embeddable":true,"href":"https:\/\/sertv.gob.pa\/nacionalfm\/wp-json\/wp\/v2\/media\/85996"}],"wp:attachment":[{"href":"https:\/\/sertv.gob.pa\/nacionalfm\/wp-json\/wp\/v2\/media?parent=85995"}],"wp:term":[{"taxonomy":"category","embeddable":true,"href":"https:\/\/sertv.gob.pa\/nacionalfm\/wp-json\/wp\/v2\/categories?post=85995"},{"taxonomy":"post_tag","embeddable":true,"href":"https:\/\/sertv.gob.pa\/nacionalfm\/wp-json\/wp\/v2\/tags?post=85995"}],"curies":[{"name":"wp","href":"https:\/\/api.w.org\/{rel}","templated":true}]}}