{"id":86043,"date":"2022-08-17T18:03:55","date_gmt":"2022-08-17T18:03:55","guid":{"rendered":"https:\/\/sertv.gob.pa\/nacionalfm\/?p=86043"},"modified":"2022-08-17T18:03:55","modified_gmt":"2022-08-17T18:03:55","slug":"mas-de-20-muertos-por-el-accidente-de-un-autobus-en-marruecos","status":"publish","type":"post","link":"https:\/\/sertv.gob.pa\/nacionalfm\/mas-de-20-muertos-por-el-accidente-de-un-autobus-en-marruecos\/","title":{"rendered":"M\u00e1s de 20 muertos por el accidente de un autob\u00fas en Marruecos"},"content":{"rendered":"<p><strong><em>MADRID, (EUROPA PRESS) &#8211;<\/em><\/strong><\/p>\n<p>&nbsp;<\/p>\n<p>M\u00e1s de 20 personas han muerto y al menos 37 han resultado heridas por el vuelco este mi\u00e9rcoles de un autob\u00fas en la provincia marroqu\u00ed de Juribga, seg\u00fan un balance provisional de v\u00edctimas.<\/p>\n<p>El autob\u00fas hab\u00eda partido desde Casablanca y se dirig\u00eda a Ait Attab cuando volc\u00f3 por causas desconocidas en las inmediaciones de Boulanouare. Seg\u00fan el diario &#8216;Le Matin&#8217;, han muerto 22 de las personas que viajaban a bordo, mientras que los heridos han sido evacuados a un hospital cercano y, en los casos m\u00e1s graves, a Casablanca y Rabat.<\/p>\n<p>Las autoridades han abierto una investigaci\u00f3n para esclarecer el suceso, bajo la direcci\u00f3n de la Fiscal\u00eda, informa la agencia de noticias oficial MAP.<\/p>\n<p>&nbsp;<\/p>\n<p>Fuente: EUROPA PRESS<\/p>\n","protected":false},"excerpt":{"rendered":"<p>MADRID, (EUROPA PRESS) &#8211; &nbsp; M\u00e1s de 20 personas han <a href=\"https:\/\/sertv.gob.pa\/nacionalfm\/mas-de-20-muertos-por-el-accidente-de-un-autobus-en-marruecos\/\"> [&#8230;]<\/a><\/p>\n","protected":false},"author":9,"featured_media":86044,"comment_status":"closed","ping_status":"closed","sticky":false,"template":"","format":"standard","meta":{"footnotes":""},"categories":[3],"tags":[],"class_list":["post-86043","post","type-post","status-publish","format-standard","has-post-thumbnail","hentry","category-internacionales"],"_links":{"self":[{"href":"https:\/\/sertv.gob.pa\/nacionalfm\/wp-json\/wp\/v2\/posts\/86043","targetHints":{"allow":["GET"]}}],"collection":[{"href":"https:\/\/sertv.gob.pa\/nacionalfm\/wp-json\/wp\/v2\/posts"}],"about":[{"href":"https:\/\/sertv.gob.pa\/nacionalfm\/wp-json\/wp\/v2\/types\/post"}],"author":[{"embeddable":true,"href":"https:\/\/sertv.gob.pa\/nacionalfm\/wp-json\/wp\/v2\/users\/9"}],"replies":[{"embeddable":true,"href":"https:\/\/sertv.gob.pa\/nacionalfm\/wp-json\/wp\/v2\/comments?post=86043"}],"version-history":[{"count":1,"href":"https:\/\/sertv.gob.pa\/nacionalfm\/wp-json\/wp\/v2\/posts\/86043\/revisions"}],"predecessor-version":[{"id":86045,"href":"https:\/\/sertv.gob.pa\/nacionalfm\/wp-json\/wp\/v2\/posts\/86043\/revisions\/86045"}],"wp:featuredmedia":[{"embeddable":true,"href":"https:\/\/sertv.gob.pa\/nacionalfm\/wp-json\/wp\/v2\/media\/86044"}],"wp:attachment":[{"href":"https:\/\/sertv.gob.pa\/nacionalfm\/wp-json\/wp\/v2\/media?parent=86043"}],"wp:term":[{"taxonomy":"category","embeddable":true,"href":"https:\/\/sertv.gob.pa\/nacionalfm\/wp-json\/wp\/v2\/categories?post=86043"},{"taxonomy":"post_tag","embeddable":true,"href":"https:\/\/sertv.gob.pa\/nacionalfm\/wp-json\/wp\/v2\/tags?post=86043"}],"curies":[{"name":"wp","href":"https:\/\/api.w.org\/{rel}","templated":true}]}}