{"id":86109,"date":"2022-08-18T20:38:43","date_gmt":"2022-08-18T20:38:43","guid":{"rendered":"https:\/\/sertv.gob.pa\/nacionalfm\/?p=86109"},"modified":"2022-08-18T20:38:43","modified_gmt":"2022-08-18T20:38:43","slug":"evacuadas-unas-12-000-personas-tras-el-hallazgo-de-una-bomba-de-la-ii-guerra-mundial-en-berlin","status":"publish","type":"post","link":"https:\/\/sertv.gob.pa\/nacionalfm\/evacuadas-unas-12-000-personas-tras-el-hallazgo-de-una-bomba-de-la-ii-guerra-mundial-en-berlin\/","title":{"rendered":"Evacuadas unas 12.000 personas tras el hallazgo de una bomba de la II Guerra Mundial en Berl\u00edn"},"content":{"rendered":"<p><strong><em>BERL\u00cdN, (DPA\/EP) &#8211;<\/em><\/strong><\/p>\n<p>&nbsp;<\/p>\n<p>El hallazgo de una bomba de la II Guerra Mundial ha obligado a establecer una zona de exclusi\u00f3n de unos 500 metros en Berl\u00edn, lo que seg\u00fan la Polic\u00eda afecta a unas 12.000 personas.<\/p>\n<p>El artefacto fue localizado durante unas obras en el barrio de Friedrichshain. Las autoridades se han movilizado para desactivarlo y evitar riesgos, pero en un primer momento han ordenado a la poblaci\u00f3n que abandone la zona.<\/p>\n<p>\u00abPodr\u00eda haber hasta 12.000 personas en la zona de exclusi\u00f3n y llevar\u00e1 tiempo\u00bb, ha explicado una portavoz policial. Los evacuados tienen la posibilidad trasladarse hasta el Mercedes-Benz Arena, habilitado como refugio provisional.<\/p>\n<p>&nbsp;<\/p>\n<p>Fuente: DPA\/EP<\/p>\n","protected":false},"excerpt":{"rendered":"<p>BERL\u00cdN, (DPA\/EP) &#8211; &nbsp; El hallazgo de una bomba de <a href=\"https:\/\/sertv.gob.pa\/nacionalfm\/evacuadas-unas-12-000-personas-tras-el-hallazgo-de-una-bomba-de-la-ii-guerra-mundial-en-berlin\/\"> [&#8230;]<\/a><\/p>\n","protected":false},"author":9,"featured_media":86110,"comment_status":"closed","ping_status":"closed","sticky":false,"template":"","format":"standard","meta":{"footnotes":""},"categories":[3],"tags":[],"class_list":["post-86109","post","type-post","status-publish","format-standard","has-post-thumbnail","hentry","category-internacionales"],"_links":{"self":[{"href":"https:\/\/sertv.gob.pa\/nacionalfm\/wp-json\/wp\/v2\/posts\/86109","targetHints":{"allow":["GET"]}}],"collection":[{"href":"https:\/\/sertv.gob.pa\/nacionalfm\/wp-json\/wp\/v2\/posts"}],"about":[{"href":"https:\/\/sertv.gob.pa\/nacionalfm\/wp-json\/wp\/v2\/types\/post"}],"author":[{"embeddable":true,"href":"https:\/\/sertv.gob.pa\/nacionalfm\/wp-json\/wp\/v2\/users\/9"}],"replies":[{"embeddable":true,"href":"https:\/\/sertv.gob.pa\/nacionalfm\/wp-json\/wp\/v2\/comments?post=86109"}],"version-history":[{"count":1,"href":"https:\/\/sertv.gob.pa\/nacionalfm\/wp-json\/wp\/v2\/posts\/86109\/revisions"}],"predecessor-version":[{"id":86111,"href":"https:\/\/sertv.gob.pa\/nacionalfm\/wp-json\/wp\/v2\/posts\/86109\/revisions\/86111"}],"wp:featuredmedia":[{"embeddable":true,"href":"https:\/\/sertv.gob.pa\/nacionalfm\/wp-json\/wp\/v2\/media\/86110"}],"wp:attachment":[{"href":"https:\/\/sertv.gob.pa\/nacionalfm\/wp-json\/wp\/v2\/media?parent=86109"}],"wp:term":[{"taxonomy":"category","embeddable":true,"href":"https:\/\/sertv.gob.pa\/nacionalfm\/wp-json\/wp\/v2\/categories?post=86109"},{"taxonomy":"post_tag","embeddable":true,"href":"https:\/\/sertv.gob.pa\/nacionalfm\/wp-json\/wp\/v2\/tags?post=86109"}],"curies":[{"name":"wp","href":"https:\/\/api.w.org\/{rel}","templated":true}]}}