{"id":8611,"date":"2015-11-06T18:27:49","date_gmt":"2015-11-06T18:27:49","guid":{"rendered":""},"modified":"2015-11-06T18:27:49","modified_gmt":"2015-11-06T18:27:49","slug":"ultima-moda-para-bajar-los-kilos-de-mas","status":"publish","type":"post","link":"https:\/\/sertv.gob.pa\/nacionalfm\/ultima-moda-para-bajar-los-kilos-de-mas\/","title":{"rendered":"\u00daltima moda para bajar los kilos de m\u00e1s"},"content":{"rendered":"<p>\nHacer ejercicio blandiendo katanas como los antiguos guerreros samur\u00e1i es la \u00faltima moda para mantenerse en forma. Los japoneses han cambiado el uso tradicional de la espada para combatir a un feroz enemigo, los kilos de m\u00e1s. <\/p>\n<p>La nataci\u00f3n, el aer\u00f3bic, el &lsquo;spinning&#8217; e incluso salir a correr son algunas de las opciones m\u00e1s recurrentes entre la gente que opta por practicar deporte para mantenerse en forma. Pero el nip\u00f3n Ukon Takafuji, un bailar\u00edan especializado en danza con espada japonesa, ha ideado un programa para ejercitarse en el que cambia la bicicleta est\u00e1tica y el &lsquo;step&#8217; por la katana, un elemento caracter\u00edstico de la cultura del pa\u00eds asi\u00e1tico cuyo manejo esconde propiedades beneficiosas para la salud. <\/p>\n<p>Manteniendo la postura correcta durante la ejecuci\u00f3n de los movimientos de corte con la espada &lsquo;se fortalecen tronco, brazos, cintura y la parte inferior del cuerpo, y adem\u00e1s es posible mejorar el metabolismo basal (la energ\u00eda que quema un cuerpo en reposo)&#8217;, explica Takafuji. <\/p>\n<p>\u00a0 <\/p>\n","protected":false},"excerpt":{"rendered":"<p>Hacer ejercicio blandiendo katanas como los antiguos guerreros samur\u00e1i es <a href=\"https:\/\/sertv.gob.pa\/nacionalfm\/ultima-moda-para-bajar-los-kilos-de-mas\/\"> [&#8230;]<\/a><\/p>\n","protected":false},"author":1,"featured_media":8612,"comment_status":"closed","ping_status":"closed","sticky":false,"template":"","format":"standard","meta":{"footnotes":""},"categories":[5],"tags":[],"class_list":["post-8611","post","type-post","status-publish","format-standard","has-post-thumbnail","hentry","category-salud"],"_links":{"self":[{"href":"https:\/\/sertv.gob.pa\/nacionalfm\/wp-json\/wp\/v2\/posts\/8611","targetHints":{"allow":["GET"]}}],"collection":[{"href":"https:\/\/sertv.gob.pa\/nacionalfm\/wp-json\/wp\/v2\/posts"}],"about":[{"href":"https:\/\/sertv.gob.pa\/nacionalfm\/wp-json\/wp\/v2\/types\/post"}],"author":[{"embeddable":true,"href":"https:\/\/sertv.gob.pa\/nacionalfm\/wp-json\/wp\/v2\/users\/1"}],"replies":[{"embeddable":true,"href":"https:\/\/sertv.gob.pa\/nacionalfm\/wp-json\/wp\/v2\/comments?post=8611"}],"version-history":[{"count":0,"href":"https:\/\/sertv.gob.pa\/nacionalfm\/wp-json\/wp\/v2\/posts\/8611\/revisions"}],"wp:featuredmedia":[{"embeddable":true,"href":"https:\/\/sertv.gob.pa\/nacionalfm\/wp-json\/wp\/v2\/media\/8612"}],"wp:attachment":[{"href":"https:\/\/sertv.gob.pa\/nacionalfm\/wp-json\/wp\/v2\/media?parent=8611"}],"wp:term":[{"taxonomy":"category","embeddable":true,"href":"https:\/\/sertv.gob.pa\/nacionalfm\/wp-json\/wp\/v2\/categories?post=8611"},{"taxonomy":"post_tag","embeddable":true,"href":"https:\/\/sertv.gob.pa\/nacionalfm\/wp-json\/wp\/v2\/tags?post=8611"}],"curies":[{"name":"wp","href":"https:\/\/api.w.org\/{rel}","templated":true}]}}