{"id":8613,"date":"2015-11-06T18:32:38","date_gmt":"2015-11-06T18:32:38","guid":{"rendered":""},"modified":"2015-11-06T18:32:38","modified_gmt":"2015-11-06T18:32:38","slug":"jornada-de-nutricion-y-cancer","status":"publish","type":"post","link":"https:\/\/sertv.gob.pa\/nacionalfm\/jornada-de-nutricion-y-cancer\/","title":{"rendered":"Jornada de Nutrici\u00f3n y C\u00e1ncer"},"content":{"rendered":"<p>\nEn d\u00edas pasados se llev\u00f3 a cabo en el Centro M\u00e9dico Paitilla (CMP) una Jornada de Nutrici\u00f3n y C\u00e1ncer, entre cuyos temas se expuso sobre la &lsquo;Alimentaci\u00f3n basada en evidencias&#8217;, por parte de la Licda. Ida Sol\u00eds, nutricionista y jefe del departamento de nutrici\u00f3n y diet\u00e9tica del CMP. <\/p>\n<p>Esta charla tuvo como objetivo dar a conocer las \u00faltimas evidencias que vinculan la dieta al desarrollo o la prevenci\u00f3n de tumores malignos. <\/p>\n<p>A finales del mes pasado, la Organizaci\u00f3n Mundial de la Salud (OMS) public\u00f3 un informe referente a este tema, que ocasion\u00f3 pol\u00e9mica entre los amantes de las carnes. <\/p>\n<p>En \u00e9l, se clasific\u00f3 a la carne procesada como carcin\u00f3gena y el consumo de carne roja como probablemente carcin\u00f3gena para los humanos. <\/p>\n<p>\u00a0 <\/p>\n","protected":false},"excerpt":{"rendered":"<p>En d\u00edas pasados se llev\u00f3 a cabo en el Centro <a href=\"https:\/\/sertv.gob.pa\/nacionalfm\/jornada-de-nutricion-y-cancer\/\"> [&#8230;]<\/a><\/p>\n","protected":false},"author":1,"featured_media":8614,"comment_status":"closed","ping_status":"closed","sticky":false,"template":"","format":"standard","meta":{"footnotes":""},"categories":[5],"tags":[],"class_list":["post-8613","post","type-post","status-publish","format-standard","has-post-thumbnail","hentry","category-salud"],"_links":{"self":[{"href":"https:\/\/sertv.gob.pa\/nacionalfm\/wp-json\/wp\/v2\/posts\/8613","targetHints":{"allow":["GET"]}}],"collection":[{"href":"https:\/\/sertv.gob.pa\/nacionalfm\/wp-json\/wp\/v2\/posts"}],"about":[{"href":"https:\/\/sertv.gob.pa\/nacionalfm\/wp-json\/wp\/v2\/types\/post"}],"author":[{"embeddable":true,"href":"https:\/\/sertv.gob.pa\/nacionalfm\/wp-json\/wp\/v2\/users\/1"}],"replies":[{"embeddable":true,"href":"https:\/\/sertv.gob.pa\/nacionalfm\/wp-json\/wp\/v2\/comments?post=8613"}],"version-history":[{"count":0,"href":"https:\/\/sertv.gob.pa\/nacionalfm\/wp-json\/wp\/v2\/posts\/8613\/revisions"}],"wp:featuredmedia":[{"embeddable":true,"href":"https:\/\/sertv.gob.pa\/nacionalfm\/wp-json\/wp\/v2\/media\/8614"}],"wp:attachment":[{"href":"https:\/\/sertv.gob.pa\/nacionalfm\/wp-json\/wp\/v2\/media?parent=8613"}],"wp:term":[{"taxonomy":"category","embeddable":true,"href":"https:\/\/sertv.gob.pa\/nacionalfm\/wp-json\/wp\/v2\/categories?post=8613"},{"taxonomy":"post_tag","embeddable":true,"href":"https:\/\/sertv.gob.pa\/nacionalfm\/wp-json\/wp\/v2\/tags?post=8613"}],"curies":[{"name":"wp","href":"https:\/\/api.w.org\/{rel}","templated":true}]}}