{"id":86148,"date":"2022-08-19T20:23:56","date_gmt":"2022-08-19T20:23:56","guid":{"rendered":"https:\/\/sertv.gob.pa\/nacionalfm\/?p=86148"},"modified":"2022-08-19T20:23:56","modified_gmt":"2022-08-19T20:23:56","slug":"el-jefe-de-la-onu-muy-preocupado-por-la-creciente-represion-en-nicaragua","status":"publish","type":"post","link":"https:\/\/sertv.gob.pa\/nacionalfm\/el-jefe-de-la-onu-muy-preocupado-por-la-creciente-represion-en-nicaragua\/","title":{"rendered":"El jefe de la ONU, \u00abmuy preocupado\u00bb por la creciente represi\u00f3n en Nicaragua"},"content":{"rendered":"<p><strong><em>MADRID, (EUROPA PRESS) &#8211;<\/em><\/strong><\/p>\n<p>&nbsp;<\/p>\n<p>El secretario general de la ONU, Ant\u00f3nio Guterres, se ha mostrado \u00abmuy preocupado\u00bb por la represi\u00f3n ejercida desde el Gobierno de Nicaragua sobre organizaciones y personalidades de la sociedad civil, entre ellas varias vinculadas a la Iglesia cat\u00f3lica.<\/p>\n<p>La Polic\u00eda de Nicaragua ha emprendido en las \u00faltimas semanas operaciones sobre l\u00edderes religiosos, la \u00faltima de ellas este viernes en la Di\u00f3cesis de Matagalpa, lo que se ha traducido en la detenci\u00f3n del obispo Rolando \u00c1lvarez.<\/p>\n<p>Para Guterres, citado en rueda de prensa por uno de sus portavoces, las informaciones llegadas desde Matagalpa en las \u00faltimas horas no hacen m\u00e1s que \u00absubrayar\u00bb las \u00abpreocupaciones\u00bb que ya tiene la ONU sobre el empeoramiento de los Derechos Humanos en el pa\u00eds centroamericano.<\/p>\n<p>Por este motivo, ha llamado a respetar los derechos de \u00abtodos los ciudadanos\u00bb, con especial vigilancia en el de reuni\u00f3n y en las libertades de asociaci\u00f3n y credo, entre otras, seg\u00fan el portavoz Farhan Haq.<\/p>\n<p>La ONU tambi\u00e9n ha reclamado la excarcelaci\u00f3n de todas las personas detenidas \u00abarbitrariamente\u00bb en estos \u00faltimos meses, fruto en gran medida de una ola represiva que comenz\u00f3 tras las protestas de 2018 y se agudiz\u00f3 en las semanas previas a las elecciones presidenciales de 2021.<\/p>\n<p>&nbsp;<\/p>\n<p>Fuente: EUROPA PRESS<\/p>\n","protected":false},"excerpt":{"rendered":"<p>MADRID, (EUROPA PRESS) &#8211; &nbsp; El secretario general de la <a href=\"https:\/\/sertv.gob.pa\/nacionalfm\/el-jefe-de-la-onu-muy-preocupado-por-la-creciente-represion-en-nicaragua\/\"> [&#8230;]<\/a><\/p>\n","protected":false},"author":9,"featured_media":86149,"comment_status":"closed","ping_status":"closed","sticky":false,"template":"","format":"standard","meta":{"footnotes":""},"categories":[3],"tags":[],"class_list":["post-86148","post","type-post","status-publish","format-standard","has-post-thumbnail","hentry","category-internacionales"],"_links":{"self":[{"href":"https:\/\/sertv.gob.pa\/nacionalfm\/wp-json\/wp\/v2\/posts\/86148","targetHints":{"allow":["GET"]}}],"collection":[{"href":"https:\/\/sertv.gob.pa\/nacionalfm\/wp-json\/wp\/v2\/posts"}],"about":[{"href":"https:\/\/sertv.gob.pa\/nacionalfm\/wp-json\/wp\/v2\/types\/post"}],"author":[{"embeddable":true,"href":"https:\/\/sertv.gob.pa\/nacionalfm\/wp-json\/wp\/v2\/users\/9"}],"replies":[{"embeddable":true,"href":"https:\/\/sertv.gob.pa\/nacionalfm\/wp-json\/wp\/v2\/comments?post=86148"}],"version-history":[{"count":1,"href":"https:\/\/sertv.gob.pa\/nacionalfm\/wp-json\/wp\/v2\/posts\/86148\/revisions"}],"predecessor-version":[{"id":86150,"href":"https:\/\/sertv.gob.pa\/nacionalfm\/wp-json\/wp\/v2\/posts\/86148\/revisions\/86150"}],"wp:featuredmedia":[{"embeddable":true,"href":"https:\/\/sertv.gob.pa\/nacionalfm\/wp-json\/wp\/v2\/media\/86149"}],"wp:attachment":[{"href":"https:\/\/sertv.gob.pa\/nacionalfm\/wp-json\/wp\/v2\/media?parent=86148"}],"wp:term":[{"taxonomy":"category","embeddable":true,"href":"https:\/\/sertv.gob.pa\/nacionalfm\/wp-json\/wp\/v2\/categories?post=86148"},{"taxonomy":"post_tag","embeddable":true,"href":"https:\/\/sertv.gob.pa\/nacionalfm\/wp-json\/wp\/v2\/tags?post=86148"}],"curies":[{"name":"wp","href":"https:\/\/api.w.org\/{rel}","templated":true}]}}