{"id":86202,"date":"2022-08-22T19:31:25","date_gmt":"2022-08-22T19:31:25","guid":{"rendered":"https:\/\/sertv.gob.pa\/nacionalfm\/?p=86202"},"modified":"2022-08-22T19:31:25","modified_gmt":"2022-08-22T19:31:25","slug":"las-escuelas-de-filipinas-reabren-este-lunes-dos-anos-despues-del-cierre-provocado-por-la-pandemia","status":"publish","type":"post","link":"https:\/\/sertv.gob.pa\/nacionalfm\/las-escuelas-de-filipinas-reabren-este-lunes-dos-anos-despues-del-cierre-provocado-por-la-pandemia\/","title":{"rendered":"Las escuelas de Filipinas reabren este lunes dos a\u00f1os despu\u00e9s del cierre provocado por la pandemia"},"content":{"rendered":"<p><strong><em>MADRID, (EUROPA PRESS) &#8211;<\/em><\/strong><\/p>\n<p>&nbsp;<\/p>\n<p>M\u00e1s de 28 millones de estudiantes de Filipinas regresan este lunes a las clases presenciales, dos a\u00f1os despu\u00e9s de que las escuelas tuvieran que echar el cierre debido a la pandemia del coronavirus, convirti\u00e9ndose as\u00ed en uno de los pa\u00edses del mundo que m\u00e1s tiempo ha tenido los centros clausurados.<\/p>\n<p>El Ministerio de Educaci\u00f3n ha informado de que 28,03 millones de estudiantes se han matriculado para el curso escolar 2022-2023, una cifra inferior al objetivo de las autoridades de 28,6 millones, cuenta el diario filipino &#8216;Phil Star&#8217;.<\/p>\n<p>\u00abSiempre he cre\u00eddo que el aprendizaje ser\u00e1 m\u00e1s efectivo dentro de las aulas, donde los estudiantes pueden interactuar plenamente con sus maestros y compa\u00f1eros\u00bb, ha celebrado el presidente de Filipinas, Ferdinand &#8216;Bongbong&#8217; Marcos Jr., quien ha pedido a los centros que extremen las medidas de precauci\u00f3n.<\/p>\n<p>Por el momento, unos 24.000 centros impartir\u00e1n clases presenciales cinco d\u00edas a la semana, mientras que, otros 29.000 ir\u00e1n combin\u00e1ndolas con ense\u00f1anza a distancia, aunque para el 2 de noviembre, todas las escuelas p\u00fablicas y privadas de Filipinas deber\u00e1n implantar definitivamente cinco d\u00edas de clases presenciales.<\/p>\n<p>El Gobierno ha enfatizado que el acudir a las aulas es seguro. Si bien las autoridades sanitarias han se\u00f1alado que solo el 19 por ciento de los estudiantes tiene la pauta completa de vacunaci\u00f3n, la cifra llega al 92 por ciento en el caso del personal docente y otros trabajadores de estos centros.<\/p>\n<p>La apertura de las escuelas en todo el archipi\u00e9lago filipino se produce en un momento en el que las autoridades lidian con una nueva subida de los casos de coronavirus, del que por ahora se han registrado m\u00e1s de 3,85 millones de contagios, de los cuales aproximadamente 61.300 han acabado en muerte.<\/p>\n<p>&nbsp;<\/p>\n<p>Fuente: EUROPA PRESS<\/p>\n","protected":false},"excerpt":{"rendered":"<p>MADRID, (EUROPA PRESS) &#8211; &nbsp; M\u00e1s de 28 millones de <a href=\"https:\/\/sertv.gob.pa\/nacionalfm\/las-escuelas-de-filipinas-reabren-este-lunes-dos-anos-despues-del-cierre-provocado-por-la-pandemia\/\"> [&#8230;]<\/a><\/p>\n","protected":false},"author":9,"featured_media":86203,"comment_status":"closed","ping_status":"closed","sticky":false,"template":"","format":"standard","meta":{"footnotes":""},"categories":[3],"tags":[],"class_list":["post-86202","post","type-post","status-publish","format-standard","has-post-thumbnail","hentry","category-internacionales"],"_links":{"self":[{"href":"https:\/\/sertv.gob.pa\/nacionalfm\/wp-json\/wp\/v2\/posts\/86202","targetHints":{"allow":["GET"]}}],"collection":[{"href":"https:\/\/sertv.gob.pa\/nacionalfm\/wp-json\/wp\/v2\/posts"}],"about":[{"href":"https:\/\/sertv.gob.pa\/nacionalfm\/wp-json\/wp\/v2\/types\/post"}],"author":[{"embeddable":true,"href":"https:\/\/sertv.gob.pa\/nacionalfm\/wp-json\/wp\/v2\/users\/9"}],"replies":[{"embeddable":true,"href":"https:\/\/sertv.gob.pa\/nacionalfm\/wp-json\/wp\/v2\/comments?post=86202"}],"version-history":[{"count":1,"href":"https:\/\/sertv.gob.pa\/nacionalfm\/wp-json\/wp\/v2\/posts\/86202\/revisions"}],"predecessor-version":[{"id":86204,"href":"https:\/\/sertv.gob.pa\/nacionalfm\/wp-json\/wp\/v2\/posts\/86202\/revisions\/86204"}],"wp:featuredmedia":[{"embeddable":true,"href":"https:\/\/sertv.gob.pa\/nacionalfm\/wp-json\/wp\/v2\/media\/86203"}],"wp:attachment":[{"href":"https:\/\/sertv.gob.pa\/nacionalfm\/wp-json\/wp\/v2\/media?parent=86202"}],"wp:term":[{"taxonomy":"category","embeddable":true,"href":"https:\/\/sertv.gob.pa\/nacionalfm\/wp-json\/wp\/v2\/categories?post=86202"},{"taxonomy":"post_tag","embeddable":true,"href":"https:\/\/sertv.gob.pa\/nacionalfm\/wp-json\/wp\/v2\/tags?post=86202"}],"curies":[{"name":"wp","href":"https:\/\/api.w.org\/{rel}","templated":true}]}}