{"id":86205,"date":"2022-08-22T19:55:10","date_gmt":"2022-08-22T19:55:10","guid":{"rendered":"https:\/\/sertv.gob.pa\/nacionalfm\/?p=86205"},"modified":"2022-08-22T19:55:10","modified_gmt":"2022-08-22T19:55:10","slug":"putin-lamenta-el-vil-asesinato-de-daria-dugina-en-un-mensaje-a-su-padre","status":"publish","type":"post","link":"https:\/\/sertv.gob.pa\/nacionalfm\/putin-lamenta-el-vil-asesinato-de-daria-dugina-en-un-mensaje-a-su-padre\/","title":{"rendered":"Putin lamenta el \u00abvil\u00bb asesinato de Daria Dugina en un mensaje a su padre"},"content":{"rendered":"<p><strong><em>MADRID, (EUROPA PRESS) &#8211;<\/em><\/strong><\/p>\n<p>&nbsp;<\/p>\n<p>El presidente de Rusia, Vladimir Putin, ha trasladado este lunes sus condolencias al pensador Alexander Dugin, considerado uno de los ide\u00f3logos del mandatario, por el \u00abcruel\u00bb asesinato de su hija Daria el s\u00e1bado, del que Mosc\u00fa ha responsabilizado a Kiev.<\/p>\n<p>\u00abQueridos Alexander Gelievich y Natalia Viktorovna, aceptad por favor mis sinceras condolencias y palabras de apoyo en relaci\u00f3n a la grave e irreparable p\u00e9rdida que hab\u00e9is sufrido\u00bb, reza una nota recogida por las agencias de noticias oficiales rusas.<\/p>\n<p>Con dicho texto, Putin ha lamentado que \u00abun crimen vil y cruel haya roto la vida de Daria Dugina\u00bb, una mujer a la que el presidente ha recordado como \u00abbrillante\u00bb y \u00abcon un verdadero coraz\u00f3n ruso\u00bb en sus diferentes labores como periodista, cient\u00edfica o fil\u00f3sofa. \u00abHa demostrado lo que significa ser una patriota\u00bb, ha a\u00f1adido.<\/p>\n<p>Daria Dugani perdi\u00f3 la vida despu\u00e9s de que estallase un artefacto explosivo instalado bajo su veh\u00edculo. El Servicio Federal de Seguridad (FSB) de Rusia ha acusado este lunes a los servicios secretos de Ucrania de preparar y cometer este ataque y han se\u00f1alado incluso a una autora material, identificada como Natalia Vovk Pavlova y supuestamente hu\u00edda a Estonia.<\/p>\n<p>&nbsp;<\/p>\n<p>Fuente: EUROPA PRESS<\/p>\n<p>&nbsp;<\/p>\n<p>&nbsp;<\/p>\n","protected":false},"excerpt":{"rendered":"<p>MADRID, (EUROPA PRESS) &#8211; &nbsp; El presidente de Rusia, Vladimir <a href=\"https:\/\/sertv.gob.pa\/nacionalfm\/putin-lamenta-el-vil-asesinato-de-daria-dugina-en-un-mensaje-a-su-padre\/\"> [&#8230;]<\/a><\/p>\n","protected":false},"author":9,"featured_media":86206,"comment_status":"closed","ping_status":"closed","sticky":false,"template":"","format":"standard","meta":{"footnotes":""},"categories":[3],"tags":[],"class_list":["post-86205","post","type-post","status-publish","format-standard","has-post-thumbnail","hentry","category-internacionales"],"_links":{"self":[{"href":"https:\/\/sertv.gob.pa\/nacionalfm\/wp-json\/wp\/v2\/posts\/86205","targetHints":{"allow":["GET"]}}],"collection":[{"href":"https:\/\/sertv.gob.pa\/nacionalfm\/wp-json\/wp\/v2\/posts"}],"about":[{"href":"https:\/\/sertv.gob.pa\/nacionalfm\/wp-json\/wp\/v2\/types\/post"}],"author":[{"embeddable":true,"href":"https:\/\/sertv.gob.pa\/nacionalfm\/wp-json\/wp\/v2\/users\/9"}],"replies":[{"embeddable":true,"href":"https:\/\/sertv.gob.pa\/nacionalfm\/wp-json\/wp\/v2\/comments?post=86205"}],"version-history":[{"count":1,"href":"https:\/\/sertv.gob.pa\/nacionalfm\/wp-json\/wp\/v2\/posts\/86205\/revisions"}],"predecessor-version":[{"id":86210,"href":"https:\/\/sertv.gob.pa\/nacionalfm\/wp-json\/wp\/v2\/posts\/86205\/revisions\/86210"}],"wp:featuredmedia":[{"embeddable":true,"href":"https:\/\/sertv.gob.pa\/nacionalfm\/wp-json\/wp\/v2\/media\/86206"}],"wp:attachment":[{"href":"https:\/\/sertv.gob.pa\/nacionalfm\/wp-json\/wp\/v2\/media?parent=86205"}],"wp:term":[{"taxonomy":"category","embeddable":true,"href":"https:\/\/sertv.gob.pa\/nacionalfm\/wp-json\/wp\/v2\/categories?post=86205"},{"taxonomy":"post_tag","embeddable":true,"href":"https:\/\/sertv.gob.pa\/nacionalfm\/wp-json\/wp\/v2\/tags?post=86205"}],"curies":[{"name":"wp","href":"https:\/\/api.w.org\/{rel}","templated":true}]}}