{"id":86223,"date":"2022-08-23T14:12:57","date_gmt":"2022-08-23T14:12:57","guid":{"rendered":"https:\/\/sertv.gob.pa\/nacionalfm\/?p=86223"},"modified":"2022-08-23T14:12:57","modified_gmt":"2022-08-23T14:12:57","slug":"minsa-presenta-propuesta-de-modificacion-a-la-ley-1-de-2001","status":"publish","type":"post","link":"https:\/\/sertv.gob.pa\/nacionalfm\/minsa-presenta-propuesta-de-modificacion-a-la-ley-1-de-2001\/","title":{"rendered":"MINSA presenta propuesta de modificaci\u00f3n a la Ley 1 de 2001"},"content":{"rendered":"<p>El titular del Ministerio de Salud de Panam\u00e1 (MINSA), Luis Francisco Sucre, present\u00f3 el lunes, 22 de agosto de 2022, ante la Asamblea Nacional de Diputados, la modificaci\u00f3n de la Ley 1 de 2001, luego que se publicara el pasado martes en Gaceta Oficial el Decreto Ejecutivo N\u00b0 115, que deroga el Decreto Ejecutivo 95 de 2019 y la Ley 1 de 2001 sobre medicamentos.<\/p>\n<p>La propuesta presentada a trav\u00e9s del MINSA, permite la apertura del mercado de medicamentos a otros agentes para su importaci\u00f3n. El art\u00edculo 368 del Decreto y 82 de la Ley 1 establece que en un memorial, el solicitante debe adjuntar el nombre comercial de la empresa importadora, el n\u00famero de licencia del establecimiento farmac\u00e9utico y la declaraci\u00f3n notarial del representante legal debidamente acreditado sobre la identidad del producto.<\/p>\n<p>Sucre, se\u00f1al\u00f3 que \u201cla Ley 24 de1963 se crea el Colegio de farmac\u00e9uticos y se reglamenta el establecimientos farmac\u00e9uticos y se establecen las actividades permitidas a cada categor\u00eda de dichos establecimientos, de esta manera, se ha consolidado el mercado de medicamentos en el pa\u00eds conformado por mayoristas y minoristas, que no permit\u00eda a \u00e9stos a acceder de manera directa a los fabricantes y comprar a un mejor costo\u201d.<\/p>\n<p>Lo anterior, trae como consecuencia una marcada elevaci\u00f3n de costos a los productos paname\u00f1os sobre los similares en la regi\u00f3n y esto repercute directamente en el acceso de las personas de menos ingresos, por lo cual se hace necesario derribar las barreras que no permiten la participaci\u00f3n de m\u00e1s oferentes al mercado; de manera que, siendo las farmacias entes regulados, puedan importar medicamentos, cumpliendo con las regulaciones que garanticen seguridad, inocuidad y eficacia, destac\u00f3 Sucre.<\/p>\n<p>Una vez aprobada la misma, por la Direcci\u00f3n Nacional de Farmacia y Drogas, el agente podr\u00e1 importar el o los productos las veces que lo requiera aportando a cada tramite el certificado de importaci\u00f3n y la factura de compra; si el producto procediese de un pa\u00eds cuyo ente regulatorio no sea de alto est\u00e1ndar se mantendr\u00e1 en cuarentena en almac\u00e9n de la agencia hasta que se realicen las pruebas pertinentes.<\/p>\n<p>Si se trata de muestras y productos sin valor comercial, las importaciones se realizar\u00e1n sin haber obtenido registro sanitario cuando se trate de medicamentos de uso personal con o sin registro sanitario a trav\u00e9s de courier o por viajeros se podr\u00e1 gestionar con las siguientes reglas, si se tratase de medicamentos v\u00eda parenteral, biol\u00f3gicos, biotecnol\u00f3gicos, hemoderivados, homeop\u00e1ticos, solo se permitir\u00e1 la importaci\u00f3n si se demuestra la cadena de fr\u00edo.<\/p>\n<p>El importador est\u00e1 obligado a presentar la receta m\u00e9dica, al igual que la factura detallada, copia de c\u00e9dula o pasaporte, carta de relevo de responsabilidad a la autoridad de Salud y gu\u00eda a\u00e9rea; la cantidad a importar no podr\u00e1 ser mayor a 6 meses de tratamiento, en caso de viajeros presentar acta de retenci\u00f3n.<\/p>\n<p><strong><em>Viruela s\u00edmica<\/em><\/strong><\/p>\n<p>El ministro de Salud, tambi\u00e9n inform\u00f3 la tarde de este lunes, que Panam\u00e1, ya inici\u00f3 las gestiones para la adquisici\u00f3n de una vacuna contra la viruela s\u00edmica.<\/p>\n<p>Sucre, dijo que, los 7 casos que se han registrado hasta el momento en Panam\u00e1, todos han recibido la atenci\u00f3n m\u00e9dica requerida y establecida en el protocolo para estos casos.<\/p>\n<p><strong><em>Casos Covid-19<\/em><\/strong><\/p>\n<p>Sobre los casos Covid-19, Sucre, record\u00f3 que, aun el virus circula en todo el mundo, por lo que reiter\u00f3 a la ciudadan\u00eda, la importancia de vacunarse con las dosis de refuerzo.<\/p>\n<p>Recalc\u00f3 que, es importante mantener las medidas de autocuidado por parte de la poblaci\u00f3n.<\/p>\n<p>&nbsp;<\/p>\n<p>Fuente: MINSA<\/p>\n","protected":false},"excerpt":{"rendered":"<p>El titular del Ministerio de Salud de Panam\u00e1 (MINSA), Luis <a href=\"https:\/\/sertv.gob.pa\/nacionalfm\/minsa-presenta-propuesta-de-modificacion-a-la-ley-1-de-2001\/\"> [&#8230;]<\/a><\/p>\n","protected":false},"author":9,"featured_media":86224,"comment_status":"closed","ping_status":"closed","sticky":false,"template":"","format":"standard","meta":{"footnotes":""},"categories":[2],"tags":[],"class_list":["post-86223","post","type-post","status-publish","format-standard","has-post-thumbnail","hentry","category-nacionales"],"_links":{"self":[{"href":"https:\/\/sertv.gob.pa\/nacionalfm\/wp-json\/wp\/v2\/posts\/86223","targetHints":{"allow":["GET"]}}],"collection":[{"href":"https:\/\/sertv.gob.pa\/nacionalfm\/wp-json\/wp\/v2\/posts"}],"about":[{"href":"https:\/\/sertv.gob.pa\/nacionalfm\/wp-json\/wp\/v2\/types\/post"}],"author":[{"embeddable":true,"href":"https:\/\/sertv.gob.pa\/nacionalfm\/wp-json\/wp\/v2\/users\/9"}],"replies":[{"embeddable":true,"href":"https:\/\/sertv.gob.pa\/nacionalfm\/wp-json\/wp\/v2\/comments?post=86223"}],"version-history":[{"count":1,"href":"https:\/\/sertv.gob.pa\/nacionalfm\/wp-json\/wp\/v2\/posts\/86223\/revisions"}],"predecessor-version":[{"id":86227,"href":"https:\/\/sertv.gob.pa\/nacionalfm\/wp-json\/wp\/v2\/posts\/86223\/revisions\/86227"}],"wp:featuredmedia":[{"embeddable":true,"href":"https:\/\/sertv.gob.pa\/nacionalfm\/wp-json\/wp\/v2\/media\/86224"}],"wp:attachment":[{"href":"https:\/\/sertv.gob.pa\/nacionalfm\/wp-json\/wp\/v2\/media?parent=86223"}],"wp:term":[{"taxonomy":"category","embeddable":true,"href":"https:\/\/sertv.gob.pa\/nacionalfm\/wp-json\/wp\/v2\/categories?post=86223"},{"taxonomy":"post_tag","embeddable":true,"href":"https:\/\/sertv.gob.pa\/nacionalfm\/wp-json\/wp\/v2\/tags?post=86223"}],"curies":[{"name":"wp","href":"https:\/\/api.w.org\/{rel}","templated":true}]}}