{"id":86265,"date":"2022-08-23T18:47:39","date_gmt":"2022-08-23T18:47:39","guid":{"rendered":"https:\/\/sertv.gob.pa\/nacionalfm\/?p=86265"},"modified":"2022-08-23T18:47:39","modified_gmt":"2022-08-23T18:47:39","slug":"casi-1-300-migrantes-cruzaron-el-lunes-el-canal-de-la-mancha-nueva-cifra-record","status":"publish","type":"post","link":"https:\/\/sertv.gob.pa\/nacionalfm\/casi-1-300-migrantes-cruzaron-el-lunes-el-canal-de-la-mancha-nueva-cifra-record\/","title":{"rendered":"Casi 1.300 migrantes cruzaron el lunes el Canal de la Mancha, nueva cifra r\u00e9cord"},"content":{"rendered":"<p><strong><em>MADRID, (EUROPA PRESS) &#8211;<\/em><\/strong><\/p>\n<p>&nbsp;<\/p>\n<p>Casi 1.300 migrantes cruzaron el Canal de la Mancha en peque\u00f1as embarcaciones el lunes, convirti\u00e9ndose en el total diario m\u00e1s alto desde que comenzaron los registros en 2018, seg\u00fan cifras del Ministerio de Defensa de Reino Unido.<\/p>\n<p>En concreto, 1.295 migrantes cruzaron el Canal de la Mancha en 27 embarcaciones, superando el m\u00e1ximo anterior de 1.185 en noviembre pasado. M\u00e1s de 22.560 personas han realizado este viaje en lo que va de a\u00f1o en comparaci\u00f3n con las cifras del a\u00f1o anterior, cuando se contabilizaron poco menos de 12.500 cruces, seg\u00fan ha recogido la cadena BBC.<\/p>\n<p>Varios botes y buques fueron interceptados y llevados a tierra en el puerto brit\u00e1nico de Dover este lunes con ni\u00f1os peque\u00f1os, as\u00ed como beb\u00e9s envueltos en mantas y sombreros de lana, seg\u00fan ha recogido la agencia de noticias DPA.<\/p>\n<p>Generalmente existen periodos de varios d\u00edas o semanas sin cruces, especialmente debido a las condiciones meteorol\u00f3gicas en el Canal y, de hecho, estos \u00faltimos cruces se producen despu\u00e9s un par\u00f3n de al menos tres d\u00edas debido al mal tiempo.<\/p>\n<p>Las autoridades han puesto sobre la mesa un endurecimiento de las leyes con un aumento de las penas para aquellos que entren ilegalmente en Reino Unido, que podr\u00edan enfrentarse a cuatro a\u00f1os de prisi\u00f3n. Por otra parte, los acusados de tr\u00e1fico de personas podr\u00edan ser condenados a cadena perpetua por organizar los cruces.<\/p>\n<p>Los cruces han continuado a pesar de las amenazas vertidas contra los solicitantes de asilo, que podr\u00edan ser deportados a Ruanda en el marco del nuevo acuerdo firmado por el Gobierno de Reino Unido, pese a las cr\u00edticas de organizaciones de Derechos Humanos.<\/p>\n<p>El pol\u00e9mico acuerdo con Ruanda permitir\u00e1 a las autoridades brit\u00e1nicas enviar al pa\u00eds africano a los solicitantes de asilo que crucen el Canal de la Mancha. El acuerdo est\u00e1 dotado con 120 millones de libras &#8211;144 millones de euros&#8211; y se centrar\u00e1 sobre todo en hombres sin cargas familiares que lleguen a Reino Unido a trav\u00e9s de embarcaciones o camiones.<\/p>\n<p>Fuente: EUROPA PRESS<\/p>\n","protected":false},"excerpt":{"rendered":"<p>MADRID, (EUROPA PRESS) &#8211; &nbsp; Casi 1.300 migrantes cruzaron el <a href=\"https:\/\/sertv.gob.pa\/nacionalfm\/casi-1-300-migrantes-cruzaron-el-lunes-el-canal-de-la-mancha-nueva-cifra-record\/\"> [&#8230;]<\/a><\/p>\n","protected":false},"author":9,"featured_media":86266,"comment_status":"closed","ping_status":"closed","sticky":false,"template":"","format":"standard","meta":{"footnotes":""},"categories":[3],"tags":[],"class_list":["post-86265","post","type-post","status-publish","format-standard","has-post-thumbnail","hentry","category-internacionales"],"_links":{"self":[{"href":"https:\/\/sertv.gob.pa\/nacionalfm\/wp-json\/wp\/v2\/posts\/86265","targetHints":{"allow":["GET"]}}],"collection":[{"href":"https:\/\/sertv.gob.pa\/nacionalfm\/wp-json\/wp\/v2\/posts"}],"about":[{"href":"https:\/\/sertv.gob.pa\/nacionalfm\/wp-json\/wp\/v2\/types\/post"}],"author":[{"embeddable":true,"href":"https:\/\/sertv.gob.pa\/nacionalfm\/wp-json\/wp\/v2\/users\/9"}],"replies":[{"embeddable":true,"href":"https:\/\/sertv.gob.pa\/nacionalfm\/wp-json\/wp\/v2\/comments?post=86265"}],"version-history":[{"count":1,"href":"https:\/\/sertv.gob.pa\/nacionalfm\/wp-json\/wp\/v2\/posts\/86265\/revisions"}],"predecessor-version":[{"id":86267,"href":"https:\/\/sertv.gob.pa\/nacionalfm\/wp-json\/wp\/v2\/posts\/86265\/revisions\/86267"}],"wp:featuredmedia":[{"embeddable":true,"href":"https:\/\/sertv.gob.pa\/nacionalfm\/wp-json\/wp\/v2\/media\/86266"}],"wp:attachment":[{"href":"https:\/\/sertv.gob.pa\/nacionalfm\/wp-json\/wp\/v2\/media?parent=86265"}],"wp:term":[{"taxonomy":"category","embeddable":true,"href":"https:\/\/sertv.gob.pa\/nacionalfm\/wp-json\/wp\/v2\/categories?post=86265"},{"taxonomy":"post_tag","embeddable":true,"href":"https:\/\/sertv.gob.pa\/nacionalfm\/wp-json\/wp\/v2\/tags?post=86265"}],"curies":[{"name":"wp","href":"https:\/\/api.w.org\/{rel}","templated":true}]}}