{"id":863,"date":"2014-08-07T05:00:00","date_gmt":"2014-08-07T05:00:00","guid":{"rendered":""},"modified":"2014-08-07T05:00:00","modified_gmt":"2014-08-07T05:00:00","slug":"irving-saladino-anuncia-su-retiro","status":"publish","type":"post","link":"https:\/\/sertv.gob.pa\/nacionalfm\/irving-saladino-anuncia-su-retiro\/","title":{"rendered":"Irving Saladino anuncia su retiro"},"content":{"rendered":"<p>\n El ganador de la medalla de oro en los Juegos Ol\u00edmpicos de Beijing 2008 Irving Saladino anunci\u00f3 \u00a0su retiro de la carrera de atletismo.  <\/p>\n<p>Saladino nacido en la provincia de Col\u00f3n un 23 de enero de 1983, \u00a0es un atleta ol\u00edmpico con \u00a0especialista en salto de longitud. <\/p>\n<p>El medallista \u00a0dijo en conferencia de prensa que se retira, pero se mantendr\u00e1 como Embajador Deportivo de Panam\u00e1. <\/p>\n<p>Sustento \u00a0que su retiro est\u00e1 motivado por lesiones que le imped\u00edan lograr un buen rendimiento. <\/p>\n<p>Biograf\u00eda <\/p>\n<p>Irving Jahir Saladino Aranda (Ciudad de Col\u00f3n; 23 de enero de 1983) es un atleta ol\u00edmpico paname\u00f1o especialista en salto de longitud. Ganador de la medalla de oro en los Juegos Ol\u00edmpicos de Beijing 2008. <\/p>\n<p>\u00a0Es el segundo paname\u00f1o en conseguir una medalla ol\u00edmpica, sesenta a\u00f1os despu\u00e9s de que lo hiciera Lloyd LaBeach en los Juegos Ol\u00edmpicos de Londres 1948 ganara dos medallas de bronce en los 100 y 200 metros respectivamente. Es tambi\u00e9n el primer deportista masculino de Am\u00e9rica Central en ganar una medalla de oro. @nacionalFm <\/p>\n","protected":false},"excerpt":{"rendered":"<p>El ganador de la medalla de oro en los Juegos <a href=\"https:\/\/sertv.gob.pa\/nacionalfm\/irving-saladino-anuncia-su-retiro\/\"> [&#8230;]<\/a><\/p>\n","protected":false},"author":1,"featured_media":864,"comment_status":"closed","ping_status":"closed","sticky":false,"template":"","format":"standard","meta":{"footnotes":""},"categories":[4],"tags":[],"class_list":["post-863","post","type-post","status-publish","format-standard","has-post-thumbnail","hentry","category-deportes"],"_links":{"self":[{"href":"https:\/\/sertv.gob.pa\/nacionalfm\/wp-json\/wp\/v2\/posts\/863","targetHints":{"allow":["GET"]}}],"collection":[{"href":"https:\/\/sertv.gob.pa\/nacionalfm\/wp-json\/wp\/v2\/posts"}],"about":[{"href":"https:\/\/sertv.gob.pa\/nacionalfm\/wp-json\/wp\/v2\/types\/post"}],"author":[{"embeddable":true,"href":"https:\/\/sertv.gob.pa\/nacionalfm\/wp-json\/wp\/v2\/users\/1"}],"replies":[{"embeddable":true,"href":"https:\/\/sertv.gob.pa\/nacionalfm\/wp-json\/wp\/v2\/comments?post=863"}],"version-history":[{"count":0,"href":"https:\/\/sertv.gob.pa\/nacionalfm\/wp-json\/wp\/v2\/posts\/863\/revisions"}],"wp:featuredmedia":[{"embeddable":true,"href":"https:\/\/sertv.gob.pa\/nacionalfm\/wp-json\/wp\/v2\/media\/864"}],"wp:attachment":[{"href":"https:\/\/sertv.gob.pa\/nacionalfm\/wp-json\/wp\/v2\/media?parent=863"}],"wp:term":[{"taxonomy":"category","embeddable":true,"href":"https:\/\/sertv.gob.pa\/nacionalfm\/wp-json\/wp\/v2\/categories?post=863"},{"taxonomy":"post_tag","embeddable":true,"href":"https:\/\/sertv.gob.pa\/nacionalfm\/wp-json\/wp\/v2\/tags?post=863"}],"curies":[{"name":"wp","href":"https:\/\/api.w.org\/{rel}","templated":true}]}}