{"id":86368,"date":"2022-08-25T18:48:29","date_gmt":"2022-08-25T18:48:29","guid":{"rendered":"https:\/\/sertv.gob.pa\/nacionalfm\/?p=86368"},"modified":"2022-08-25T18:48:29","modified_gmt":"2022-08-25T18:48:29","slug":"aumenta-a-25-el-balance-de-muertos-por-un-ataque-ruso-sobre-una-estacion-de-tren-en-dnipropetrovsk","status":"publish","type":"post","link":"https:\/\/sertv.gob.pa\/nacionalfm\/aumenta-a-25-el-balance-de-muertos-por-un-ataque-ruso-sobre-una-estacion-de-tren-en-dnipropetrovsk\/","title":{"rendered":"Aumenta a 25 el balance de muertos por un ataque ruso sobre una estaci\u00f3n de tren en Dnipropetrovsk"},"content":{"rendered":"<p><strong><em>MADRID, (EUROPA PRESS) &#8211;<\/em><\/strong><\/p>\n<p>&nbsp;<\/p>\n<p>Aumenta a 25 el balance de muertos por un bombardeo en una estaci\u00f3n de tren de la regi\u00f3n de Dnipropetrovsk, en el este de Ucrania, llevado a cabo por las fuerzas rusas, seg\u00fan ha informado el el jefe adjunto de la oficina del presidente de Ucrania, Kirilo Timoshenko.<\/p>\n<p>Tal y como ha informado en su cuenta oficial de Telegram, las operaciones de b\u00fasqueda y rescate se han completado en el pueblo de Chaplyne, donde al menos 25 personas han muerto, dos de ellas ni\u00f1os, y 31 personas han resultado heridas.<\/p>\n<p>El Alto Representante para Pol\u00edtica Exterior de la Uni\u00f3n Europea, Josep Borrell, ha condenado \u00aben\u00e9rgicamente\u00bb en su perfil oficial de Twitter el ataque \u00abatroz\u00bb contra civiles en esta localidad ucraniana. \u00abLos responsables del terrorismo con cohetes rusos rendir\u00e1n cuentas\u00bb, ha dicho.<\/p>\n<p>El presidente de Ucrania, Volodimir Zelenski, denunci\u00f3 este ataque durante una comparecencia telem\u00e1tica ante el Consejo de Seguridad de la ONU, advirtiendo de que a\u00fan hab\u00eda varios vagones en llamas y los servicios de emergencia segu\u00edan trabajando en la zona.<\/p>\n<p>Las autoridades ucranianas, que tem\u00edan que Rusia aprovechase la conmemoraci\u00f3n este mi\u00e9rcoles del D\u00eda de la Independencia para redoblar sus ataques, han alertado de varias operaciones en distintas partes del pa\u00eds.<\/p>\n<p>&nbsp;<\/p>\n<p>Fuente: EUROPA PRESS<\/p>\n","protected":false},"excerpt":{"rendered":"<p>MADRID, (EUROPA PRESS) &#8211; &nbsp; Aumenta a 25 el balance <a href=\"https:\/\/sertv.gob.pa\/nacionalfm\/aumenta-a-25-el-balance-de-muertos-por-un-ataque-ruso-sobre-una-estacion-de-tren-en-dnipropetrovsk\/\"> [&#8230;]<\/a><\/p>\n","protected":false},"author":9,"featured_media":86369,"comment_status":"closed","ping_status":"closed","sticky":false,"template":"","format":"standard","meta":{"footnotes":""},"categories":[3],"tags":[],"class_list":["post-86368","post","type-post","status-publish","format-standard","has-post-thumbnail","hentry","category-internacionales"],"_links":{"self":[{"href":"https:\/\/sertv.gob.pa\/nacionalfm\/wp-json\/wp\/v2\/posts\/86368","targetHints":{"allow":["GET"]}}],"collection":[{"href":"https:\/\/sertv.gob.pa\/nacionalfm\/wp-json\/wp\/v2\/posts"}],"about":[{"href":"https:\/\/sertv.gob.pa\/nacionalfm\/wp-json\/wp\/v2\/types\/post"}],"author":[{"embeddable":true,"href":"https:\/\/sertv.gob.pa\/nacionalfm\/wp-json\/wp\/v2\/users\/9"}],"replies":[{"embeddable":true,"href":"https:\/\/sertv.gob.pa\/nacionalfm\/wp-json\/wp\/v2\/comments?post=86368"}],"version-history":[{"count":1,"href":"https:\/\/sertv.gob.pa\/nacionalfm\/wp-json\/wp\/v2\/posts\/86368\/revisions"}],"predecessor-version":[{"id":86370,"href":"https:\/\/sertv.gob.pa\/nacionalfm\/wp-json\/wp\/v2\/posts\/86368\/revisions\/86370"}],"wp:featuredmedia":[{"embeddable":true,"href":"https:\/\/sertv.gob.pa\/nacionalfm\/wp-json\/wp\/v2\/media\/86369"}],"wp:attachment":[{"href":"https:\/\/sertv.gob.pa\/nacionalfm\/wp-json\/wp\/v2\/media?parent=86368"}],"wp:term":[{"taxonomy":"category","embeddable":true,"href":"https:\/\/sertv.gob.pa\/nacionalfm\/wp-json\/wp\/v2\/categories?post=86368"},{"taxonomy":"post_tag","embeddable":true,"href":"https:\/\/sertv.gob.pa\/nacionalfm\/wp-json\/wp\/v2\/tags?post=86368"}],"curies":[{"name":"wp","href":"https:\/\/api.w.org\/{rel}","templated":true}]}}