{"id":86371,"date":"2022-08-25T19:00:57","date_gmt":"2022-08-25T19:00:57","guid":{"rendered":"https:\/\/sertv.gob.pa\/nacionalfm\/?p=86371"},"modified":"2022-08-25T19:00:57","modified_gmt":"2022-08-25T19:00:57","slug":"bachelet-hablara-con-maduro-antes-de-dejar-su-actual-cargo-en-la-onu","status":"publish","type":"post","link":"https:\/\/sertv.gob.pa\/nacionalfm\/bachelet-hablara-con-maduro-antes-de-dejar-su-actual-cargo-en-la-onu\/","title":{"rendered":"Bachelet hablar\u00e1 con Maduro antes de dejar su actual cargo en la ONU"},"content":{"rendered":"<p><strong><em>MADRID, (EUROPA PRESS) &#8211;<\/em><\/strong><\/p>\n<p>&nbsp;<\/p>\n<p>La Alta Comisionada de la ONU para los Derechos Humanos, Michelle Bachelet, ha anunciado que tiene previsto hablar con el presidente de Venezuela, Nicol\u00e1s Maduro, antes de que expire su mandato a finales de este mes, \u00abprobablemente\u00bb la pr\u00f3xima semana.<\/p>\n<p>Bachelet quiere tratar con Maduro los temas que a\u00fan siguen pendientes en materia de Derechos Humanos. \u00abNo quiero que se olviden las conversaciones (previas) y las promesas\u00bb, ha explicado en su rueda de prensa final como Alta Comisionada.<\/p>\n<p>La expresidenta ha defendido la colaboraci\u00f3n de los \u00faltimos a\u00f1os no s\u00f3lo con el Gobierno de Venezuela, sino tambi\u00e9n con actores de la sociedad civil, y ha se\u00f1alado que hasta 2019 la ONU estaba \u00abfuera\u00bb del pa\u00eds sudamericano.<\/p>\n<p>Desde a\u00f1os, ha a\u00f1adido, se han realizado \u00abalgunos progresos\u00bb, pero cree que \u00abqueda mucho por hacer\u00bb, por ejemplo que los procesos judiciales contra opositores est\u00e9n abiertos a la observaci\u00f3n externa. Tambi\u00e9n ha reclamado la apertura de una oficina propiamente dicha, a pesar de que a d\u00eda de hoy ya hay 16 personas trabajando para el Alto Comisionado en Venezuela.<\/p>\n<p>&nbsp;<\/p>\n<p>Fuente: EUROPA PRESS<\/p>\n","protected":false},"excerpt":{"rendered":"<p>MADRID, (EUROPA PRESS) &#8211; &nbsp; La Alta Comisionada de la <a href=\"https:\/\/sertv.gob.pa\/nacionalfm\/bachelet-hablara-con-maduro-antes-de-dejar-su-actual-cargo-en-la-onu\/\"> [&#8230;]<\/a><\/p>\n","protected":false},"author":9,"featured_media":86372,"comment_status":"closed","ping_status":"closed","sticky":false,"template":"","format":"standard","meta":{"footnotes":""},"categories":[3],"tags":[],"class_list":["post-86371","post","type-post","status-publish","format-standard","has-post-thumbnail","hentry","category-internacionales"],"_links":{"self":[{"href":"https:\/\/sertv.gob.pa\/nacionalfm\/wp-json\/wp\/v2\/posts\/86371","targetHints":{"allow":["GET"]}}],"collection":[{"href":"https:\/\/sertv.gob.pa\/nacionalfm\/wp-json\/wp\/v2\/posts"}],"about":[{"href":"https:\/\/sertv.gob.pa\/nacionalfm\/wp-json\/wp\/v2\/types\/post"}],"author":[{"embeddable":true,"href":"https:\/\/sertv.gob.pa\/nacionalfm\/wp-json\/wp\/v2\/users\/9"}],"replies":[{"embeddable":true,"href":"https:\/\/sertv.gob.pa\/nacionalfm\/wp-json\/wp\/v2\/comments?post=86371"}],"version-history":[{"count":1,"href":"https:\/\/sertv.gob.pa\/nacionalfm\/wp-json\/wp\/v2\/posts\/86371\/revisions"}],"predecessor-version":[{"id":86373,"href":"https:\/\/sertv.gob.pa\/nacionalfm\/wp-json\/wp\/v2\/posts\/86371\/revisions\/86373"}],"wp:featuredmedia":[{"embeddable":true,"href":"https:\/\/sertv.gob.pa\/nacionalfm\/wp-json\/wp\/v2\/media\/86372"}],"wp:attachment":[{"href":"https:\/\/sertv.gob.pa\/nacionalfm\/wp-json\/wp\/v2\/media?parent=86371"}],"wp:term":[{"taxonomy":"category","embeddable":true,"href":"https:\/\/sertv.gob.pa\/nacionalfm\/wp-json\/wp\/v2\/categories?post=86371"},{"taxonomy":"post_tag","embeddable":true,"href":"https:\/\/sertv.gob.pa\/nacionalfm\/wp-json\/wp\/v2\/tags?post=86371"}],"curies":[{"name":"wp","href":"https:\/\/api.w.org\/{rel}","templated":true}]}}