{"id":86433,"date":"2022-08-26T19:40:19","date_gmt":"2022-08-26T19:40:19","guid":{"rendered":"https:\/\/sertv.gob.pa\/nacionalfm\/?p=86433"},"modified":"2022-08-26T19:40:19","modified_gmt":"2022-08-26T19:40:19","slug":"un-muerto-y-14-heridos-por-enfrentamientos-entre-mineros-y-policias-en-el-sureste-de-peru","status":"publish","type":"post","link":"https:\/\/sertv.gob.pa\/nacionalfm\/un-muerto-y-14-heridos-por-enfrentamientos-entre-mineros-y-policias-en-el-sureste-de-peru\/","title":{"rendered":"Un muerto y 14 heridos por enfrentamientos entre mineros y polic\u00edas en el sureste de Per\u00fa"},"content":{"rendered":"<p><strong><em>MADRID, (EUROPA PRESS) &#8211;<\/em><\/strong><\/p>\n<p>&nbsp;<\/p>\n<p>Al menos una persona han muerto y otras 14 han resultado heridas por un enfrentamiento entre trabajadores de una mina ilegal y agentes de la Polic\u00eda en la regi\u00f3n peruana de Madre de Dios, en la zona sureste del pa\u00eds sudamericano.<\/p>\n<p>Los enfrentamientos estallaron en la zona de La Pampa a ra\u00edz de una operaci\u00f3n policial con la que las autoridades quer\u00edan inutilizar los motores que facilitan la extracci\u00f3n ilegal de oro en la Reserva Nacional Tambopata y detener a trabajadores en situaci\u00f3n ilegal.<\/p>\n<p>Los mineros respondieron bloqueando la carretera Interoce\u00e1nica e intentaron prender fuego a instalaciones policiales, seg\u00fan la emisora RPP.<\/p>\n<p>La zona est\u00e1 considerada un foco de todo tipo de actividades ilegales que van desde la explotaci\u00f3n de yacimientos no autorizados hasta trata de personas, prostituci\u00f3n y tr\u00e1fico de combustible, entre otras.<\/p>\n<p>&nbsp;<\/p>\n<p>Fuente: EUROPA PRESS<\/p>\n<p>&nbsp;<\/p>\n","protected":false},"excerpt":{"rendered":"<p>MADRID, (EUROPA PRESS) &#8211; &nbsp; Al menos una persona han <a href=\"https:\/\/sertv.gob.pa\/nacionalfm\/un-muerto-y-14-heridos-por-enfrentamientos-entre-mineros-y-policias-en-el-sureste-de-peru\/\"> [&#8230;]<\/a><\/p>\n","protected":false},"author":9,"featured_media":86434,"comment_status":"closed","ping_status":"closed","sticky":false,"template":"","format":"standard","meta":{"footnotes":""},"categories":[3],"tags":[],"class_list":["post-86433","post","type-post","status-publish","format-standard","has-post-thumbnail","hentry","category-internacionales"],"_links":{"self":[{"href":"https:\/\/sertv.gob.pa\/nacionalfm\/wp-json\/wp\/v2\/posts\/86433","targetHints":{"allow":["GET"]}}],"collection":[{"href":"https:\/\/sertv.gob.pa\/nacionalfm\/wp-json\/wp\/v2\/posts"}],"about":[{"href":"https:\/\/sertv.gob.pa\/nacionalfm\/wp-json\/wp\/v2\/types\/post"}],"author":[{"embeddable":true,"href":"https:\/\/sertv.gob.pa\/nacionalfm\/wp-json\/wp\/v2\/users\/9"}],"replies":[{"embeddable":true,"href":"https:\/\/sertv.gob.pa\/nacionalfm\/wp-json\/wp\/v2\/comments?post=86433"}],"version-history":[{"count":1,"href":"https:\/\/sertv.gob.pa\/nacionalfm\/wp-json\/wp\/v2\/posts\/86433\/revisions"}],"predecessor-version":[{"id":86435,"href":"https:\/\/sertv.gob.pa\/nacionalfm\/wp-json\/wp\/v2\/posts\/86433\/revisions\/86435"}],"wp:featuredmedia":[{"embeddable":true,"href":"https:\/\/sertv.gob.pa\/nacionalfm\/wp-json\/wp\/v2\/media\/86434"}],"wp:attachment":[{"href":"https:\/\/sertv.gob.pa\/nacionalfm\/wp-json\/wp\/v2\/media?parent=86433"}],"wp:term":[{"taxonomy":"category","embeddable":true,"href":"https:\/\/sertv.gob.pa\/nacionalfm\/wp-json\/wp\/v2\/categories?post=86433"},{"taxonomy":"post_tag","embeddable":true,"href":"https:\/\/sertv.gob.pa\/nacionalfm\/wp-json\/wp\/v2\/tags?post=86433"}],"curies":[{"name":"wp","href":"https:\/\/api.w.org\/{rel}","templated":true}]}}