{"id":86436,"date":"2022-08-26T19:58:25","date_gmt":"2022-08-26T19:58:25","guid":{"rendered":"https:\/\/sertv.gob.pa\/nacionalfm\/?p=86436"},"modified":"2022-08-26T19:58:25","modified_gmt":"2022-08-26T19:58:25","slug":"los-expertos-examinan-el-posible-final-de-la-erupcion-del-volcan-en-islandia","status":"publish","type":"post","link":"https:\/\/sertv.gob.pa\/nacionalfm\/los-expertos-examinan-el-posible-final-de-la-erupcion-del-volcan-en-islandia\/","title":{"rendered":"Los expertos examinan el posible final de la erupci\u00f3n del volc\u00e1n en Islandia"},"content":{"rendered":"<p><strong><em>COPENHAGUE, (DPA\/EP) &#8211;<\/em><\/strong><\/p>\n<p>&nbsp;<\/p>\n<p>La erupci\u00f3n del volc\u00e1n island\u00e9s Reykjanes, iniciada a principios de agosto, parece haber llegado a su fin, seg\u00fan los servicios de Protecci\u00f3n Civil, que no detectan actividad s\u00edsmica ni flujo de lava desde el domingo.<\/p>\n<p>Los expertos a\u00fan no han declarado el final de la erupci\u00f3n y, de hecho, han advertido de que la actividad podr\u00eda reanudarse, por lo que han instado a no bajar la guardia, seg\u00fan la cadena de televisi\u00f3n RUV.<\/p>\n<p>El volc\u00e1n, situado en un valle cercano a la monta\u00f1a de Fagradalsfjall, a 30 kil\u00f3metros de la capital islandesa, entr\u00f3 en erupci\u00f3n el 3 de agosto y se ha convertido en un polo de atracci\u00f3n tur\u00edstica.<\/p>\n<p>Las autoridades han recomendado a quienes se acerquen a la zona que lo hagan por una determinada ruta, m\u00e1s sencilla, si bien la menor actividad vulcanol\u00f3gica de los \u00faltimos d\u00edas se ha traducido tambi\u00e9n en una reducci\u00f3n de las visitas a la zona.<\/p>\n<p>&nbsp;<\/p>\n<p>Fuente: DPA\/EP<\/p>\n<p>&nbsp;<\/p>\n","protected":false},"excerpt":{"rendered":"<p>COPENHAGUE, (DPA\/EP) &#8211; &nbsp; La erupci\u00f3n del volc\u00e1n island\u00e9s Reykjanes, <a href=\"https:\/\/sertv.gob.pa\/nacionalfm\/los-expertos-examinan-el-posible-final-de-la-erupcion-del-volcan-en-islandia\/\"> [&#8230;]<\/a><\/p>\n","protected":false},"author":9,"featured_media":86437,"comment_status":"closed","ping_status":"closed","sticky":false,"template":"","format":"standard","meta":{"footnotes":""},"categories":[3],"tags":[],"class_list":["post-86436","post","type-post","status-publish","format-standard","has-post-thumbnail","hentry","category-internacionales"],"_links":{"self":[{"href":"https:\/\/sertv.gob.pa\/nacionalfm\/wp-json\/wp\/v2\/posts\/86436","targetHints":{"allow":["GET"]}}],"collection":[{"href":"https:\/\/sertv.gob.pa\/nacionalfm\/wp-json\/wp\/v2\/posts"}],"about":[{"href":"https:\/\/sertv.gob.pa\/nacionalfm\/wp-json\/wp\/v2\/types\/post"}],"author":[{"embeddable":true,"href":"https:\/\/sertv.gob.pa\/nacionalfm\/wp-json\/wp\/v2\/users\/9"}],"replies":[{"embeddable":true,"href":"https:\/\/sertv.gob.pa\/nacionalfm\/wp-json\/wp\/v2\/comments?post=86436"}],"version-history":[{"count":1,"href":"https:\/\/sertv.gob.pa\/nacionalfm\/wp-json\/wp\/v2\/posts\/86436\/revisions"}],"predecessor-version":[{"id":86438,"href":"https:\/\/sertv.gob.pa\/nacionalfm\/wp-json\/wp\/v2\/posts\/86436\/revisions\/86438"}],"wp:featuredmedia":[{"embeddable":true,"href":"https:\/\/sertv.gob.pa\/nacionalfm\/wp-json\/wp\/v2\/media\/86437"}],"wp:attachment":[{"href":"https:\/\/sertv.gob.pa\/nacionalfm\/wp-json\/wp\/v2\/media?parent=86436"}],"wp:term":[{"taxonomy":"category","embeddable":true,"href":"https:\/\/sertv.gob.pa\/nacionalfm\/wp-json\/wp\/v2\/categories?post=86436"},{"taxonomy":"post_tag","embeddable":true,"href":"https:\/\/sertv.gob.pa\/nacionalfm\/wp-json\/wp\/v2\/tags?post=86436"}],"curies":[{"name":"wp","href":"https:\/\/api.w.org\/{rel}","templated":true}]}}