{"id":86491,"date":"2022-08-29T19:12:48","date_gmt":"2022-08-29T19:12:48","guid":{"rendered":"https:\/\/sertv.gob.pa\/nacionalfm\/?p=86491"},"modified":"2022-08-29T19:12:48","modified_gmt":"2022-08-29T19:12:48","slug":"petro-reclama-una-mejora-en-seguridad-colombia-no-puede-ser-el-pais-de-las-masacres","status":"publish","type":"post","link":"https:\/\/sertv.gob.pa\/nacionalfm\/petro-reclama-una-mejora-en-seguridad-colombia-no-puede-ser-el-pais-de-las-masacres\/","title":{"rendered":"Petro reclama una mejora en seguridad: \u00abColombia no puede ser el pa\u00eds de las masacres\u00bb"},"content":{"rendered":"<p>Asesinados tres j\u00f3venes de una familia ind\u00edgena en el oeste de Colombia<\/p>\n<p>&nbsp;<\/p>\n<p><strong><em>MADRID, (EUROPA PRESS) &#8211;<\/em><\/strong><\/p>\n<p>&nbsp;<\/p>\n<p>El presidente colombiano, Gustavo Petro, ha anunciado este lunes que el Gobierno trabajar\u00e1 para mejorar las condiciones de seguridad en todo el pa\u00eds, bajo la premisa de que \u00abColombia no puede ser el pa\u00eds de las masacres\u00bb.<\/p>\n<p>\u00abLe he pedido al ministro de Defensa garantizar la protecci\u00f3n de la vida de los colombianos en todo el territorio\u00bb, ha dicho en Twitter Petro, que conf\u00eda en pasar p\u00e1gina a una \u00abhistoria de sangre\u00bb que sacude al pa\u00eds de forma pr\u00e1cticamente diaria.<\/p>\n<p>El presidente ha condenado \u00abcon vehemencia\u00bb el asesinato de dos periodistas, Dilia Contreras y Leiner Montero en el departamento de Magdalena, en el norte del pa\u00eds, y ha instado a la Fiscal\u00eda a iniciar una investigaci\u00f3n \u00aburgente\u00bb para depurar responsabilidades. \u00abLa prensa debe tener las garant\u00edas para hacer su trabajo\u00bb, ha apuntado.<\/p>\n<p>El Instituto de Estudios para el Desarrollo y la Paz (Indepaz) de Colombia tiene registradas m\u00e1s de 70 masacres en lo que va de a\u00f1o y ha considerado especialmente \u00abtr\u00e1gico\u00bb el fin de semana, ya que se han registrado varias matanzas en distintos puntos del pa\u00eds.<\/p>\n<p>En el departamento de Cauca, tres j\u00f3venes menores de 20 a\u00f1os y miembros de una familia ind\u00edgena murieron tiroteados. Inicialmente, hombres armados asesinaron a una de las v\u00edctimas al salir de una fiesta en Caldono y, a continuaci\u00f3n, fueron a la vivienda familiar y mataron a un hermano y un primo, informa RCN.<\/p>\n<p>&nbsp;<\/p>\n<p>Fuente: EUROPA PRESS<\/p>\n","protected":false},"excerpt":{"rendered":"<p>Asesinados tres j\u00f3venes de una familia ind\u00edgena en el oeste <a href=\"https:\/\/sertv.gob.pa\/nacionalfm\/petro-reclama-una-mejora-en-seguridad-colombia-no-puede-ser-el-pais-de-las-masacres\/\"> [&#8230;]<\/a><\/p>\n","protected":false},"author":9,"featured_media":86492,"comment_status":"closed","ping_status":"closed","sticky":false,"template":"","format":"standard","meta":{"footnotes":""},"categories":[3],"tags":[],"class_list":["post-86491","post","type-post","status-publish","format-standard","has-post-thumbnail","hentry","category-internacionales"],"_links":{"self":[{"href":"https:\/\/sertv.gob.pa\/nacionalfm\/wp-json\/wp\/v2\/posts\/86491","targetHints":{"allow":["GET"]}}],"collection":[{"href":"https:\/\/sertv.gob.pa\/nacionalfm\/wp-json\/wp\/v2\/posts"}],"about":[{"href":"https:\/\/sertv.gob.pa\/nacionalfm\/wp-json\/wp\/v2\/types\/post"}],"author":[{"embeddable":true,"href":"https:\/\/sertv.gob.pa\/nacionalfm\/wp-json\/wp\/v2\/users\/9"}],"replies":[{"embeddable":true,"href":"https:\/\/sertv.gob.pa\/nacionalfm\/wp-json\/wp\/v2\/comments?post=86491"}],"version-history":[{"count":1,"href":"https:\/\/sertv.gob.pa\/nacionalfm\/wp-json\/wp\/v2\/posts\/86491\/revisions"}],"predecessor-version":[{"id":86493,"href":"https:\/\/sertv.gob.pa\/nacionalfm\/wp-json\/wp\/v2\/posts\/86491\/revisions\/86493"}],"wp:featuredmedia":[{"embeddable":true,"href":"https:\/\/sertv.gob.pa\/nacionalfm\/wp-json\/wp\/v2\/media\/86492"}],"wp:attachment":[{"href":"https:\/\/sertv.gob.pa\/nacionalfm\/wp-json\/wp\/v2\/media?parent=86491"}],"wp:term":[{"taxonomy":"category","embeddable":true,"href":"https:\/\/sertv.gob.pa\/nacionalfm\/wp-json\/wp\/v2\/categories?post=86491"},{"taxonomy":"post_tag","embeddable":true,"href":"https:\/\/sertv.gob.pa\/nacionalfm\/wp-json\/wp\/v2\/tags?post=86491"}],"curies":[{"name":"wp","href":"https:\/\/api.w.org\/{rel}","templated":true}]}}