{"id":86534,"date":"2022-08-30T19:52:22","date_gmt":"2022-08-30T19:52:22","guid":{"rendered":"https:\/\/sertv.gob.pa\/nacionalfm\/?p=86534"},"modified":"2022-08-30T19:52:22","modified_gmt":"2022-08-30T19:52:22","slug":"guterres-hace-un-llamamiento-a-la-comunidad-internacional-para-recaudar-160-000-millones-para-pakistan","status":"publish","type":"post","link":"https:\/\/sertv.gob.pa\/nacionalfm\/guterres-hace-un-llamamiento-a-la-comunidad-internacional-para-recaudar-160-000-millones-para-pakistan\/","title":{"rendered":"Guterres hace un llamamiento a la comunidad internacional para recaudar 160.000 millones para Pakist\u00e1n"},"content":{"rendered":"<p><strong><em>MADRID, (EUROPA PRESS) &#8211;<\/em><\/strong><\/p>\n<p>&nbsp;<\/p>\n<p>El secretario general de Naciones Unidas, Ant\u00f3nio Guterres, ha hecho un llamamiento internacional para recaudar 160 millones de d\u00f3lares (159.400 euros) con el objetivo de ayudar a Pakist\u00e1n a enfrentar los efectos de las lluvias torrenciales, que han dejado m\u00e1s de 1.100 muertos en el pa\u00eds.<\/p>\n<p>\u00abEsta colosal crisis requiere una acci\u00f3n colectiva urgente para ayudar al Gobierno y al pueblo de Pakist\u00e1n\u00bb, ha expresado Guterres en un v\u00eddeo publicado en su perfil oficial de Twitter, agregando que \u00abmillones de vidas\u00bb han sido \u00abdestrozadas\u00bb.<\/p>\n<p>Refiri\u00e9ndose a la devastaci\u00f3n causada por las inundaciones a gran escala, el Ministro de Relaciones Exteriores paquistan\u00ed, Bilawal Bhutto Zardari, ha explicado que el apoyo y la solidaridad de la comunidad internacional contribuir\u00e1n a aliviar el sufrimiento de las personas afectadas por las inundaciones y reconstruir sus vidas.<\/p>\n<p>\u00abEl llamamiento da prioridad a medidas espec\u00edficas en las \u00e1reas de educaci\u00f3n, seguridad alimentaria, agricultura, salud, nutrici\u00f3n, protecci\u00f3n, vivienda, bienes no alimentarios, agua, saneamiento y limpieza\u00bb, ha explicado el ministro de Exteriores paquistan\u00ed, seg\u00fan ha recogido el portal Pakistan Observer.<\/p>\n<p>La Autoridad Nacional para la Gesti\u00f3n de Desastres (NDMA, por sus siglas en ingl\u00e9s) tiene constancia de al menos 1.136 fallecidos, seg\u00fan el bolet\u00edn divulgado el lunes y que sit\u00faa Sindh (402 muertos), Jaiber Pajtunju\u00e1 (258) y Baluchist\u00e1n (244) como las regiones m\u00e1s afectadas.<\/p>\n<p>Las autoridades calculan que m\u00e1s de un mill\u00f3n de viviendas han sufrido alg\u00fan tipo de da\u00f1o, entre ellas m\u00e1s de 300.000 que han quedado completamente destruidas. Tambi\u00e9n se han perdido m\u00e1s de 735.000 cabezas de ganados y hay casi 3.500 kil\u00f3metros de carreteras da\u00f1ados.<\/p>\n<p>Pakist\u00e1n ha sufrido lluvias que casi triplican los valores medio para esta \u00e9poca. En zonas como Baluchist\u00e1n y Sindh, los datos actuales quintuplican lo que se considerar\u00eda normal, seg\u00fan un informe de la Oficina para la Coordinaci\u00f3n de Asuntos Humanitarios (OCHA) de la ONU.<\/p>\n<p>&nbsp;<\/p>\n<p>Fuente: EUROPA PRESS<\/p>\n<p>&nbsp;<\/p>\n","protected":false},"excerpt":{"rendered":"<p>MADRID, (EUROPA PRESS) &#8211; &nbsp; El secretario general de Naciones <a href=\"https:\/\/sertv.gob.pa\/nacionalfm\/guterres-hace-un-llamamiento-a-la-comunidad-internacional-para-recaudar-160-000-millones-para-pakistan\/\"> [&#8230;]<\/a><\/p>\n","protected":false},"author":9,"featured_media":86535,"comment_status":"closed","ping_status":"closed","sticky":false,"template":"","format":"standard","meta":{"footnotes":""},"categories":[3],"tags":[],"class_list":["post-86534","post","type-post","status-publish","format-standard","has-post-thumbnail","hentry","category-internacionales"],"_links":{"self":[{"href":"https:\/\/sertv.gob.pa\/nacionalfm\/wp-json\/wp\/v2\/posts\/86534","targetHints":{"allow":["GET"]}}],"collection":[{"href":"https:\/\/sertv.gob.pa\/nacionalfm\/wp-json\/wp\/v2\/posts"}],"about":[{"href":"https:\/\/sertv.gob.pa\/nacionalfm\/wp-json\/wp\/v2\/types\/post"}],"author":[{"embeddable":true,"href":"https:\/\/sertv.gob.pa\/nacionalfm\/wp-json\/wp\/v2\/users\/9"}],"replies":[{"embeddable":true,"href":"https:\/\/sertv.gob.pa\/nacionalfm\/wp-json\/wp\/v2\/comments?post=86534"}],"version-history":[{"count":1,"href":"https:\/\/sertv.gob.pa\/nacionalfm\/wp-json\/wp\/v2\/posts\/86534\/revisions"}],"predecessor-version":[{"id":86536,"href":"https:\/\/sertv.gob.pa\/nacionalfm\/wp-json\/wp\/v2\/posts\/86534\/revisions\/86536"}],"wp:featuredmedia":[{"embeddable":true,"href":"https:\/\/sertv.gob.pa\/nacionalfm\/wp-json\/wp\/v2\/media\/86535"}],"wp:attachment":[{"href":"https:\/\/sertv.gob.pa\/nacionalfm\/wp-json\/wp\/v2\/media?parent=86534"}],"wp:term":[{"taxonomy":"category","embeddable":true,"href":"https:\/\/sertv.gob.pa\/nacionalfm\/wp-json\/wp\/v2\/categories?post=86534"},{"taxonomy":"post_tag","embeddable":true,"href":"https:\/\/sertv.gob.pa\/nacionalfm\/wp-json\/wp\/v2\/tags?post=86534"}],"curies":[{"name":"wp","href":"https:\/\/api.w.org\/{rel}","templated":true}]}}