{"id":86574,"date":"2022-08-31T18:24:58","date_gmt":"2022-08-31T18:24:58","guid":{"rendered":"https:\/\/sertv.gob.pa\/nacionalfm\/?p=86574"},"modified":"2022-08-31T18:24:58","modified_gmt":"2022-08-31T18:24:58","slug":"avanza-montaje-del-sobretecho-del-hospital-joaquin-pablo-franco-sayas","status":"publish","type":"post","link":"https:\/\/sertv.gob.pa\/nacionalfm\/avanza-montaje-del-sobretecho-del-hospital-joaquin-pablo-franco-sayas\/","title":{"rendered":"Avanza montaje del sobretecho del \u201cHospital Joaqu\u00edn Pablo Franco Sayas\u201d"},"content":{"rendered":"<p>Un notable avance registra la instalaci\u00f3n del sobretecho del <strong><em>\u201cHospital Joaqu\u00edn<\/em><\/strong> <strong><em>Pablo Franco Sayas\u201d de Las Tablas,<\/em><\/strong> una obra que viene subsanar la filtraci\u00f3n de agua que ha afectado por a\u00f1os, el normal desempe\u00f1o de los quir\u00f3fanos y otras salas.<\/p>\n<p>Debido a la falta de un adecuado mantenimiento, la losa del hospital, present\u00f3 deficiencias que permit\u00edan la filtraci\u00f3n de agua en las salas de cirug\u00eda, medicina general, edificio de quir\u00f3fanos, unidad de cuidados intensivos y la central de esterilizaci\u00f3n. Esta situaci\u00f3n, dio a paso a dos proyectos de impermeabilizaci\u00f3n sin los resultados esperados, por lo que se opt\u00f3 por un de sobretecho como soluci\u00f3n definitiva.<\/p>\n<p>La empresa encargada del proyecto, cuenta con 90 d\u00edas para la entrega de la obra, con la culminaci\u00f3n de este proyecto, el cual va simult\u00e1neo las adecuaciones de los quir\u00f3fanos, se retomar\u00e1n los programas de cirug\u00edas ambulatorias.<\/p>\n<p>Los trabajos de instalaci\u00f3n del sobretecho, que iniciaron este mes de agosto, constituyen una anhelada obra para los sante\u00f1os, que a diario, buscan atenci\u00f3n m\u00e9dica en el <strong><em>Hospital Joaqu\u00edn Pablo Franco Sayas de Las Tablas.<\/em><\/strong><\/p>\n<p>&nbsp;<\/p>\n<p>Fuente: MINSA<\/p>\n<p>&nbsp;<\/p>\n","protected":false},"excerpt":{"rendered":"<p>Un notable avance registra la instalaci\u00f3n del sobretecho del \u201cHospital <a href=\"https:\/\/sertv.gob.pa\/nacionalfm\/avanza-montaje-del-sobretecho-del-hospital-joaquin-pablo-franco-sayas\/\"> [&#8230;]<\/a><\/p>\n","protected":false},"author":9,"featured_media":86575,"comment_status":"closed","ping_status":"closed","sticky":false,"template":"","format":"standard","meta":{"footnotes":""},"categories":[5],"tags":[],"class_list":["post-86574","post","type-post","status-publish","format-standard","has-post-thumbnail","hentry","category-salud"],"_links":{"self":[{"href":"https:\/\/sertv.gob.pa\/nacionalfm\/wp-json\/wp\/v2\/posts\/86574","targetHints":{"allow":["GET"]}}],"collection":[{"href":"https:\/\/sertv.gob.pa\/nacionalfm\/wp-json\/wp\/v2\/posts"}],"about":[{"href":"https:\/\/sertv.gob.pa\/nacionalfm\/wp-json\/wp\/v2\/types\/post"}],"author":[{"embeddable":true,"href":"https:\/\/sertv.gob.pa\/nacionalfm\/wp-json\/wp\/v2\/users\/9"}],"replies":[{"embeddable":true,"href":"https:\/\/sertv.gob.pa\/nacionalfm\/wp-json\/wp\/v2\/comments?post=86574"}],"version-history":[{"count":1,"href":"https:\/\/sertv.gob.pa\/nacionalfm\/wp-json\/wp\/v2\/posts\/86574\/revisions"}],"predecessor-version":[{"id":86579,"href":"https:\/\/sertv.gob.pa\/nacionalfm\/wp-json\/wp\/v2\/posts\/86574\/revisions\/86579"}],"wp:featuredmedia":[{"embeddable":true,"href":"https:\/\/sertv.gob.pa\/nacionalfm\/wp-json\/wp\/v2\/media\/86575"}],"wp:attachment":[{"href":"https:\/\/sertv.gob.pa\/nacionalfm\/wp-json\/wp\/v2\/media?parent=86574"}],"wp:term":[{"taxonomy":"category","embeddable":true,"href":"https:\/\/sertv.gob.pa\/nacionalfm\/wp-json\/wp\/v2\/categories?post=86574"},{"taxonomy":"post_tag","embeddable":true,"href":"https:\/\/sertv.gob.pa\/nacionalfm\/wp-json\/wp\/v2\/tags?post=86574"}],"curies":[{"name":"wp","href":"https:\/\/api.w.org\/{rel}","templated":true}]}}