{"id":86587,"date":"2022-08-31T19:26:51","date_gmt":"2022-08-31T19:26:51","guid":{"rendered":"https:\/\/sertv.gob.pa\/nacionalfm\/?p=86587"},"modified":"2022-08-31T19:26:51","modified_gmt":"2022-08-31T19:26:51","slug":"86587-2","status":"publish","type":"post","link":"https:\/\/sertv.gob.pa\/nacionalfm\/86587-2\/","title":{"rendered":""},"content":{"rendered":"<p><strong><em>MADRID, (EUROPA PRESS) &#8211;<\/em><\/strong><\/p>\n<p>&nbsp;<\/p>\n<p>El exdirigente sovi\u00e9tico Mijai Gorbachov, art\u00edfice de los primeros pasos de la Rusia moderna, ha muerto este martes en un hospital de Mosc\u00fa a los 92 a\u00f1os de edad.<\/p>\n<p>Gorbachov ha fallecido tras una larga enfermedad, seg\u00fan el Hospital Cl\u00ednico Central, informa la agencia Interfax.<\/p>\n<p>&nbsp;<\/p>\n<p>Fuente: EUROPA PRESS<\/p>\n<p>&nbsp;<\/p>\n","protected":false},"excerpt":{"rendered":"<p>MADRID, (EUROPA PRESS) &#8211; &nbsp; El exdirigente sovi\u00e9tico Mijai Gorbachov, <a href=\"https:\/\/sertv.gob.pa\/nacionalfm\/86587-2\/\"> [&#8230;]<\/a><\/p>\n","protected":false},"author":9,"featured_media":86588,"comment_status":"closed","ping_status":"closed","sticky":false,"template":"","format":"standard","meta":{"footnotes":""},"categories":[3],"tags":[],"class_list":["post-86587","post","type-post","status-publish","format-standard","has-post-thumbnail","hentry","category-internacionales"],"_links":{"self":[{"href":"https:\/\/sertv.gob.pa\/nacionalfm\/wp-json\/wp\/v2\/posts\/86587","targetHints":{"allow":["GET"]}}],"collection":[{"href":"https:\/\/sertv.gob.pa\/nacionalfm\/wp-json\/wp\/v2\/posts"}],"about":[{"href":"https:\/\/sertv.gob.pa\/nacionalfm\/wp-json\/wp\/v2\/types\/post"}],"author":[{"embeddable":true,"href":"https:\/\/sertv.gob.pa\/nacionalfm\/wp-json\/wp\/v2\/users\/9"}],"replies":[{"embeddable":true,"href":"https:\/\/sertv.gob.pa\/nacionalfm\/wp-json\/wp\/v2\/comments?post=86587"}],"version-history":[{"count":1,"href":"https:\/\/sertv.gob.pa\/nacionalfm\/wp-json\/wp\/v2\/posts\/86587\/revisions"}],"predecessor-version":[{"id":86589,"href":"https:\/\/sertv.gob.pa\/nacionalfm\/wp-json\/wp\/v2\/posts\/86587\/revisions\/86589"}],"wp:featuredmedia":[{"embeddable":true,"href":"https:\/\/sertv.gob.pa\/nacionalfm\/wp-json\/wp\/v2\/media\/86588"}],"wp:attachment":[{"href":"https:\/\/sertv.gob.pa\/nacionalfm\/wp-json\/wp\/v2\/media?parent=86587"}],"wp:term":[{"taxonomy":"category","embeddable":true,"href":"https:\/\/sertv.gob.pa\/nacionalfm\/wp-json\/wp\/v2\/categories?post=86587"},{"taxonomy":"post_tag","embeddable":true,"href":"https:\/\/sertv.gob.pa\/nacionalfm\/wp-json\/wp\/v2\/tags?post=86587"}],"curies":[{"name":"wp","href":"https:\/\/api.w.org\/{rel}","templated":true}]}}