{"id":8659,"date":"2015-11-09T18:30:43","date_gmt":"2015-11-09T18:30:43","guid":{"rendered":""},"modified":"2015-11-09T18:30:43","modified_gmt":"2015-11-09T18:30:43","slug":"en-congreso-expondran-sobre-necesidad-del-etiquetado-nutricional","status":"publish","type":"post","link":"https:\/\/sertv.gob.pa\/nacionalfm\/en-congreso-expondran-sobre-necesidad-del-etiquetado-nutricional\/","title":{"rendered":"En Congreso expondr\u00e1n sobre necesidad del etiquetado nutricional"},"content":{"rendered":"<p>\nEl  etiquetado nutricional  es una herramienta para conocer el contenido y valor nutricional de los productos alimentarios, indica Ramiro L\u00f3pez, presidente de la Asociaci\u00f3n Paname\u00f1a de Nutricionistas Dietistas. <\/p>\n<p>L\u00f3pez y un grupo de profesionales de la salud expondr\u00e1n el tema  &ldquo;Panam\u00e1 necesita el etiquetado nutricional&rdquo; , en el XVII Congreso de la Sociedad Latinoamericana de Nutrici\u00f3n, que se efect\u00faa \u00a0hasta el 12 de noviembre en la Rep\u00fablica Dominicana. <\/p>\n<p>L\u00f3pez agrega que en el  congreso  igualmente se abordar\u00e1n temas como la suplementaci\u00f3n intermitente con hierro en ni\u00f1os escolares en el istmo, as\u00ed como el patr\u00f3n alimentario del paciente con VIH\/sida. <\/p>\n<p>De Centroam\u00e9rica, Panam\u00e1 es el \u00fanico pa\u00eds que no cuenta con un &ldquo;etiquetado nutricional normado&rdquo;, expresa. &ldquo;No se posee una ley que exija el etiquetado nutricional de los productos alimentarios&rdquo;, reitera. <\/p>\n<p>De nada sirve orientar a las personas para que interpreten el  etiquetado nutricional , ni informar sobre los da\u00f1os a la salud que ocasionan las dietas altas en az\u00facares simples, grasas trans y sodio, entre otras orientaciones nutricionales, si cuando el consumidor va al supermercado los productos alimentarios no cuentan con un etiquetado nutricional, se\u00f1ala el experto. <\/p>\n<p>\u00a0 <\/p>\n","protected":false},"excerpt":{"rendered":"<p>El etiquetado nutricional es una herramienta para conocer el contenido <a href=\"https:\/\/sertv.gob.pa\/nacionalfm\/en-congreso-expondran-sobre-necesidad-del-etiquetado-nutricional\/\"> [&#8230;]<\/a><\/p>\n","protected":false},"author":1,"featured_media":8660,"comment_status":"closed","ping_status":"closed","sticky":false,"template":"","format":"standard","meta":{"footnotes":""},"categories":[5],"tags":[],"class_list":["post-8659","post","type-post","status-publish","format-standard","has-post-thumbnail","hentry","category-salud"],"_links":{"self":[{"href":"https:\/\/sertv.gob.pa\/nacionalfm\/wp-json\/wp\/v2\/posts\/8659","targetHints":{"allow":["GET"]}}],"collection":[{"href":"https:\/\/sertv.gob.pa\/nacionalfm\/wp-json\/wp\/v2\/posts"}],"about":[{"href":"https:\/\/sertv.gob.pa\/nacionalfm\/wp-json\/wp\/v2\/types\/post"}],"author":[{"embeddable":true,"href":"https:\/\/sertv.gob.pa\/nacionalfm\/wp-json\/wp\/v2\/users\/1"}],"replies":[{"embeddable":true,"href":"https:\/\/sertv.gob.pa\/nacionalfm\/wp-json\/wp\/v2\/comments?post=8659"}],"version-history":[{"count":0,"href":"https:\/\/sertv.gob.pa\/nacionalfm\/wp-json\/wp\/v2\/posts\/8659\/revisions"}],"wp:featuredmedia":[{"embeddable":true,"href":"https:\/\/sertv.gob.pa\/nacionalfm\/wp-json\/wp\/v2\/media\/8660"}],"wp:attachment":[{"href":"https:\/\/sertv.gob.pa\/nacionalfm\/wp-json\/wp\/v2\/media?parent=8659"}],"wp:term":[{"taxonomy":"category","embeddable":true,"href":"https:\/\/sertv.gob.pa\/nacionalfm\/wp-json\/wp\/v2\/categories?post=8659"},{"taxonomy":"post_tag","embeddable":true,"href":"https:\/\/sertv.gob.pa\/nacionalfm\/wp-json\/wp\/v2\/tags?post=8659"}],"curies":[{"name":"wp","href":"https:\/\/api.w.org\/{rel}","templated":true}]}}