{"id":86645,"date":"2022-09-01T19:57:07","date_gmt":"2022-09-01T19:57:07","guid":{"rendered":"https:\/\/sertv.gob.pa\/nacionalfm\/?p=86645"},"modified":"2022-09-01T19:57:07","modified_gmt":"2022-09-01T19:57:07","slug":"macron-llama-a-continuar-el-dialogo-con-rusia-para-poner-fin-a-la-guerra-de-ucrania","status":"publish","type":"post","link":"https:\/\/sertv.gob.pa\/nacionalfm\/macron-llama-a-continuar-el-dialogo-con-rusia-para-poner-fin-a-la-guerra-de-ucrania\/","title":{"rendered":"Macron llama a continuar el di\u00e1logo con Rusia para poner fin a la guerra de Ucrania"},"content":{"rendered":"<p><strong><em>MADRID, (EUROPA PRESS) &#8211;<\/em><\/strong><\/p>\n<p>&nbsp;<\/p>\n<p>El presidente de Francia, Emmanuel Macron, ha abogado este jueves desde el Palacio del El\u00edseo por la continuaci\u00f3n del di\u00e1logo con Rusia despu\u00e9s de que se hayan paralizado las negociaciones tras la reuni\u00f3n el pasado mes de marzo entre las partes en Estambul.<\/p>\n<p>\u00ab\u00bfQui\u00e9n quiere que Turqu\u00eda sea la \u00fanica potencia del mundo que sigue hablando con Rusia?\u00bb, ha se\u00f1alado, agregando que es necesario \u00abasumir que se puede hablar con todos, especialmente con aquellos con los que no estamos de acuerdo\u00bb, tal y como ha recogido la emisora francesa France Info.<\/p>\n<p>Macron, que en estos \u00faltimos meses ha hablado en varias ocasiones con el presidente ruso, Vladimir Putin, para intentar poner fin al conflicto ucraniano, no ha cerrado la puerta a intentarlo de nuevo. Esos contactos han sido siempre en coordinaci\u00f3n con el presidente de Ucrania, Volodimir Zelenski, y tambi\u00e9n con los socios de la UE y los aliados.<\/p>\n<p>El presidente franc\u00e9s habl\u00f3 por \u00faltima vez con su hom\u00f3logo ruso el pasado 19 de agosto, siendo la primera conversaci\u00f3n entre ambos mandatarios desde el 28 de mayo, cuando sostuvieron una llamada telef\u00f3nica a tres con la participaci\u00f3n del canciller alem\u00e1n, Olaf Scholz.<\/p>\n<p>De hecho, Macron y Putin discutieron durante su \u00faltima llamada en agosto la aceleraci\u00f3n de los tr\u00e1mites para una visita de una misi\u00f3n de expertos del Organismo Internacional de la Energ\u00eda At\u00f3mica (OIEA) a Ucrania, que ha llegado precisamente este jueves para evaluar el impacto de los combates en los alrededores de Zaporiyia.<\/p>\n<p>El \u00faltimo contacto directo entre Rusia y Ucrania se produjo en la ciudad turca de Estambul a finales de marzo durante una ronda de negociaciones para intentar poner fin a la guerra. Sin embargo, las conversaciones se han detenido hasta el d\u00eda de hoy.<\/p>\n<p>Kiev ha se\u00f1alado que no negociar\u00e1 hasta que Mosc\u00fa no saque a todas sus tropas de suelo ucraniano. El Gobierno ucraniano considera imposible volver atr\u00e1s \u00abdados los cr\u00edmenes de guerra cometidos por Rusia en Ucrania\u00bb.<\/p>\n<p>Fuente: EUROPA PRESS<\/p>\n","protected":false},"excerpt":{"rendered":"<p>MADRID, (EUROPA PRESS) &#8211; &nbsp; El presidente de Francia, Emmanuel <a href=\"https:\/\/sertv.gob.pa\/nacionalfm\/macron-llama-a-continuar-el-dialogo-con-rusia-para-poner-fin-a-la-guerra-de-ucrania\/\"> [&#8230;]<\/a><\/p>\n","protected":false},"author":9,"featured_media":86646,"comment_status":"closed","ping_status":"closed","sticky":false,"template":"","format":"standard","meta":{"footnotes":""},"categories":[3],"tags":[],"class_list":["post-86645","post","type-post","status-publish","format-standard","has-post-thumbnail","hentry","category-internacionales"],"_links":{"self":[{"href":"https:\/\/sertv.gob.pa\/nacionalfm\/wp-json\/wp\/v2\/posts\/86645","targetHints":{"allow":["GET"]}}],"collection":[{"href":"https:\/\/sertv.gob.pa\/nacionalfm\/wp-json\/wp\/v2\/posts"}],"about":[{"href":"https:\/\/sertv.gob.pa\/nacionalfm\/wp-json\/wp\/v2\/types\/post"}],"author":[{"embeddable":true,"href":"https:\/\/sertv.gob.pa\/nacionalfm\/wp-json\/wp\/v2\/users\/9"}],"replies":[{"embeddable":true,"href":"https:\/\/sertv.gob.pa\/nacionalfm\/wp-json\/wp\/v2\/comments?post=86645"}],"version-history":[{"count":1,"href":"https:\/\/sertv.gob.pa\/nacionalfm\/wp-json\/wp\/v2\/posts\/86645\/revisions"}],"predecessor-version":[{"id":86647,"href":"https:\/\/sertv.gob.pa\/nacionalfm\/wp-json\/wp\/v2\/posts\/86645\/revisions\/86647"}],"wp:featuredmedia":[{"embeddable":true,"href":"https:\/\/sertv.gob.pa\/nacionalfm\/wp-json\/wp\/v2\/media\/86646"}],"wp:attachment":[{"href":"https:\/\/sertv.gob.pa\/nacionalfm\/wp-json\/wp\/v2\/media?parent=86645"}],"wp:term":[{"taxonomy":"category","embeddable":true,"href":"https:\/\/sertv.gob.pa\/nacionalfm\/wp-json\/wp\/v2\/categories?post=86645"},{"taxonomy":"post_tag","embeddable":true,"href":"https:\/\/sertv.gob.pa\/nacionalfm\/wp-json\/wp\/v2\/tags?post=86645"}],"curies":[{"name":"wp","href":"https:\/\/api.w.org\/{rel}","templated":true}]}}