{"id":86700,"date":"2022-09-02T19:07:39","date_gmt":"2022-09-02T19:07:39","guid":{"rendered":"https:\/\/sertv.gob.pa\/nacionalfm\/?p=86700"},"modified":"2022-09-02T19:07:39","modified_gmt":"2022-09-02T19:07:39","slug":"la-policia-argentina-registra-la-casa-del-atacante-de-cristina-fernandez-de-kirchner","status":"publish","type":"post","link":"https:\/\/sertv.gob.pa\/nacionalfm\/la-policia-argentina-registra-la-casa-del-atacante-de-cristina-fernandez-de-kirchner\/","title":{"rendered":"La Polic\u00eda argentina registra la casa del atacante de Cristina Fern\u00e1ndez de Kirchner"},"content":{"rendered":"<p><strong><em>MADRID, (EUROPA PRESS) &#8211;<\/em><\/strong><\/p>\n<p>&nbsp;<\/p>\n<p>La Polic\u00eda argentina ha registrado este viernes el domicilio del asaltante de la vicepresidenta Cristina Fern\u00e1ndez de Kirchner, en el barrio porte\u00f1o de La Paternal, del que han salido con \u00abinformaci\u00f3n escrita y grabada\u00bb, seg\u00fan testigos.<\/p>\n<p>El atacante ha sido identificado como Fernando Andr\u00e9s Sabag Montiel, de 35 a\u00f1os y de origen brasile\u00f1o. En la puerta del domicilio hab\u00edan colgado un cartel que rezaba &#8216;Esta no es la casa de Fernando&#8217; con el fin de evitar agresiones, seg\u00fan han dicho varias fuentes al diario &#8216;P\u00e1gina 12&#8217;.<\/p>\n<p>Montiel cuenta con antecedentes penales por posesi\u00f3n de arma no convencional, despu\u00e9s de que en marzo de 2021 fuera interceptado por la Polic\u00eda a bordo de un coche sin seguro, un incidente por el que tuvo que intervenir la Fiscal\u00eda, aunque el caso finalmente fue archivado. Durante aquel registro, los agentes encontraron un cuchillo de 35 de cent\u00edmetros.<\/p>\n<p>Un repaso a sus redes sociales, las cuales han sido ya cerradas, muestra que era seguidor de grupos de odio, as\u00ed como de p\u00e1ginas en defensa de \u00ab\u00f3rdenes mas\u00f3nicas\u00bb o religiones paganas, seg\u00fan se han hecho eco los medios argentinos. A su vez, se ha publicado una foto de \u00e9l en la que se le puede ver tatuado en uno de sus codos el sol negro, un s\u00edmbolo ligado al ocultismo nazi.<\/p>\n<p>La prensa argentina tambi\u00e9n ha recordado un par de recientes intervenciones del atacante en la televisi\u00f3n del pa\u00eds, en las que a pie de calle ataca a la clase pol\u00edtica y vincula la delincuencia y las ayudas sociales con la poblaci\u00f3n migrante.<\/p>\n<p>\u00abLa gente que viene de afuera a ocupar una villa y vivir gratis y a vivir de planes sin trabajar y venden droga habr\u00eda que extraditarlos\u00bb, argument\u00f3 en uno de estos comentarios a la televisi\u00f3n argentina.<\/p>\n<p>El ataque contra la vicepresidenta Fern\u00e1ndez de Kirchner se produjo este jueves sobre las 21.00 horas, hora local, cuando regresaba a su domicilio en el barrio de la Recoleta, en la ciudad de Buenos Aires, tras una sesi\u00f3n en el Senado.<\/p>\n<p>En medio de un grupo de gente que hab\u00eda acudido a mostrarle su apoyo por la reciente acusaci\u00f3n de la Fiscal\u00eda, Montiel sobresali\u00f3 entre la multitud y accion\u00f3 una pistola calibre 40 &#8211;que luego se supo estaba cargada con cinco balas&#8211;, que no dispar\u00f3. R\u00e1pidamente fue neutralizado y detenido por la Polic\u00eda.<\/p>\n<p>Fuente: EUROPA PRESS<\/p>\n","protected":false},"excerpt":{"rendered":"<p>MADRID, (EUROPA PRESS) &#8211; &nbsp; La Polic\u00eda argentina ha registrado <a href=\"https:\/\/sertv.gob.pa\/nacionalfm\/la-policia-argentina-registra-la-casa-del-atacante-de-cristina-fernandez-de-kirchner\/\"> [&#8230;]<\/a><\/p>\n","protected":false},"author":9,"featured_media":86701,"comment_status":"closed","ping_status":"closed","sticky":false,"template":"","format":"standard","meta":{"footnotes":""},"categories":[3],"tags":[],"class_list":["post-86700","post","type-post","status-publish","format-standard","has-post-thumbnail","hentry","category-internacionales"],"_links":{"self":[{"href":"https:\/\/sertv.gob.pa\/nacionalfm\/wp-json\/wp\/v2\/posts\/86700","targetHints":{"allow":["GET"]}}],"collection":[{"href":"https:\/\/sertv.gob.pa\/nacionalfm\/wp-json\/wp\/v2\/posts"}],"about":[{"href":"https:\/\/sertv.gob.pa\/nacionalfm\/wp-json\/wp\/v2\/types\/post"}],"author":[{"embeddable":true,"href":"https:\/\/sertv.gob.pa\/nacionalfm\/wp-json\/wp\/v2\/users\/9"}],"replies":[{"embeddable":true,"href":"https:\/\/sertv.gob.pa\/nacionalfm\/wp-json\/wp\/v2\/comments?post=86700"}],"version-history":[{"count":1,"href":"https:\/\/sertv.gob.pa\/nacionalfm\/wp-json\/wp\/v2\/posts\/86700\/revisions"}],"predecessor-version":[{"id":86702,"href":"https:\/\/sertv.gob.pa\/nacionalfm\/wp-json\/wp\/v2\/posts\/86700\/revisions\/86702"}],"wp:featuredmedia":[{"embeddable":true,"href":"https:\/\/sertv.gob.pa\/nacionalfm\/wp-json\/wp\/v2\/media\/86701"}],"wp:attachment":[{"href":"https:\/\/sertv.gob.pa\/nacionalfm\/wp-json\/wp\/v2\/media?parent=86700"}],"wp:term":[{"taxonomy":"category","embeddable":true,"href":"https:\/\/sertv.gob.pa\/nacionalfm\/wp-json\/wp\/v2\/categories?post=86700"},{"taxonomy":"post_tag","embeddable":true,"href":"https:\/\/sertv.gob.pa\/nacionalfm\/wp-json\/wp\/v2\/tags?post=86700"}],"curies":[{"name":"wp","href":"https:\/\/api.w.org\/{rel}","templated":true}]}}