{"id":86754,"date":"2022-09-05T19:01:45","date_gmt":"2022-09-05T19:01:45","guid":{"rendered":"https:\/\/sertv.gob.pa\/nacionalfm\/?p=86754"},"modified":"2022-09-05T19:01:45","modified_gmt":"2022-09-05T19:01:45","slug":"liz-truss-sucedera-a-johnson-en-downing-street-tras-imponerse-en-las-primarias-tories","status":"publish","type":"post","link":"https:\/\/sertv.gob.pa\/nacionalfm\/liz-truss-sucedera-a-johnson-en-downing-street-tras-imponerse-en-las-primarias-tories\/","title":{"rendered":"Liz Truss suceder\u00e1 a Johnson en Downing Street tras imponerse en las primarias &#8216;tories&#8217;"},"content":{"rendered":"<p><strong><em>MADRID, (EUROPA PRESS) &#8211;<\/em><\/strong><\/p>\n<p>&nbsp;<\/p>\n<p>La ministra de Exteriores brit\u00e1nica, Liz Truss, ha salido vencedora de las primarias celebradas en el seno del Partido Conservador para elegir al sustituto de su actual l\u00edder, Boris Johnson, por lo que se convertir\u00e1 en la nueva primera ministra de Reino Unido.<\/p>\n<p>Truss se ha impuesto en la votaci\u00f3n final &#8211;abierta a toda la militancia y que concluy\u00f3 el viernes&#8211; al exministro de Finanzas Rishi Sunak.<\/p>\n<p>Tras la confirmaci\u00f3n de su victoria, Truss se convertir\u00e1 formalmente en primera ministra el martes, cuando viaje a Balmoral para verse con la reina Isabel II. Se completar\u00e1 entonces el proceso de renovaci\u00f3n anunciado por Johnson en su discurso de dimisi\u00f3n del 7 de julio.<\/p>\n<p>&nbsp;<\/p>\n<p>Fuente: EUROPA PRESS<\/p>\n<p>&nbsp;<\/p>\n","protected":false},"excerpt":{"rendered":"<p>MADRID, (EUROPA PRESS) &#8211; &nbsp; La ministra de Exteriores brit\u00e1nica, <a href=\"https:\/\/sertv.gob.pa\/nacionalfm\/liz-truss-sucedera-a-johnson-en-downing-street-tras-imponerse-en-las-primarias-tories\/\"> [&#8230;]<\/a><\/p>\n","protected":false},"author":9,"featured_media":86755,"comment_status":"closed","ping_status":"closed","sticky":false,"template":"","format":"standard","meta":{"footnotes":""},"categories":[3],"tags":[],"class_list":["post-86754","post","type-post","status-publish","format-standard","has-post-thumbnail","hentry","category-internacionales"],"_links":{"self":[{"href":"https:\/\/sertv.gob.pa\/nacionalfm\/wp-json\/wp\/v2\/posts\/86754","targetHints":{"allow":["GET"]}}],"collection":[{"href":"https:\/\/sertv.gob.pa\/nacionalfm\/wp-json\/wp\/v2\/posts"}],"about":[{"href":"https:\/\/sertv.gob.pa\/nacionalfm\/wp-json\/wp\/v2\/types\/post"}],"author":[{"embeddable":true,"href":"https:\/\/sertv.gob.pa\/nacionalfm\/wp-json\/wp\/v2\/users\/9"}],"replies":[{"embeddable":true,"href":"https:\/\/sertv.gob.pa\/nacionalfm\/wp-json\/wp\/v2\/comments?post=86754"}],"version-history":[{"count":1,"href":"https:\/\/sertv.gob.pa\/nacionalfm\/wp-json\/wp\/v2\/posts\/86754\/revisions"}],"predecessor-version":[{"id":86756,"href":"https:\/\/sertv.gob.pa\/nacionalfm\/wp-json\/wp\/v2\/posts\/86754\/revisions\/86756"}],"wp:featuredmedia":[{"embeddable":true,"href":"https:\/\/sertv.gob.pa\/nacionalfm\/wp-json\/wp\/v2\/media\/86755"}],"wp:attachment":[{"href":"https:\/\/sertv.gob.pa\/nacionalfm\/wp-json\/wp\/v2\/media?parent=86754"}],"wp:term":[{"taxonomy":"category","embeddable":true,"href":"https:\/\/sertv.gob.pa\/nacionalfm\/wp-json\/wp\/v2\/categories?post=86754"},{"taxonomy":"post_tag","embeddable":true,"href":"https:\/\/sertv.gob.pa\/nacionalfm\/wp-json\/wp\/v2\/tags?post=86754"}],"curies":[{"name":"wp","href":"https:\/\/api.w.org\/{rel}","templated":true}]}}