{"id":86808,"date":"2022-09-06T20:19:22","date_gmt":"2022-09-06T20:19:22","guid":{"rendered":"https:\/\/sertv.gob.pa\/nacionalfm\/?p=86808"},"modified":"2022-09-06T20:19:22","modified_gmt":"2022-09-06T20:19:22","slug":"mexico-preve-rescatar-en-seis-meses-a-los-diez-mineros-atrapados-en-coahuila","status":"publish","type":"post","link":"https:\/\/sertv.gob.pa\/nacionalfm\/mexico-preve-rescatar-en-seis-meses-a-los-diez-mineros-atrapados-en-coahuila\/","title":{"rendered":"M\u00e9xico prev\u00e9 rescatar en seis meses a los diez mineros atrapados en Coahuila"},"content":{"rendered":"<p><strong><em>MADRID, (EUROPA PRESS) &#8211;<\/em><\/strong><\/p>\n<p>&nbsp;<\/p>\n<p>La coordinadora nacional de Protecci\u00f3n Civil de M\u00e9xico, Laura Vel\u00e1zquez, ha afirmado que el rescate de los diez mineros atrapados desde el pasado 10 de agosto en la mina Pinabete en Coahuila (M\u00e9xico) se llevar\u00e1 a cabo seis meses despu\u00e9s del inicio de las obras para liberarlos, en la conferencia de prensa del presidente, Andr\u00e9s Manuel L\u00f3pez Obrador.<\/p>\n<p>La funcionaria ha explicado que como parte de los acuerdos, los familiares de los mineros recibir\u00e1n una indemnizaci\u00f3n en los pr\u00f3ximos d\u00edas por parte de la Subsecretar\u00eda de Derechos Humanos de Gobernaci\u00f3n. Adem\u00e1s, una vez llevada a cabo la excavaci\u00f3n y el rescate se levantar\u00e1 un memorial en nombre de los trabajadores, seg\u00fan &#8216;El Universal&#8217;.<\/p>\n<p>\u00abLlevaremos a cabo una mesa t\u00e9cnica para solventar todos los permisos necesarios para que se realice la obra sin contratiempos\u00bb, ha asegurado. La mesa estar\u00e1 compuesta por la Secretar\u00eda de Medio Ambiente y Recursos Naturales, la Secretar\u00eda de Defensa Nacional y la Comisi\u00f3n Nacional del Agua.<\/p>\n<p>Laura Vel\u00e1zquez ha explicado que el origen del incidente se ha asociado con un proceso no controlado de explotaci\u00f3n en la mina El Pinabete, que provoc\u00f3 el derrumbamiento de las paredes y la entrada de agua en la estructura. La funcionaria ha asegurado que para el Gobierno \u00abno hay lugar\u00bb para el cansancio en el rescate, \u00abni para la indiferencia\u00bb ante el dolor de los familiares.<\/p>\n<p>El presidente, L\u00f3pez Obrador, ha dicho que los t\u00e9cnicos decidieron cambiar de estrategia de rescate despu\u00e9s de consultar a especialistas del extranjero. \u00abSe le present\u00f3 esta opci\u00f3n a los familiares, aceptaron y ya se est\u00e1 trabajando para el rescate de los mineros\u00bb, ha informado, seg\u00fan recoge &#8216;Milenio&#8217;. Tambi\u00e9n ha agradecido a los familiares que hayan actuado \u00aba pesar de las dificultades\u00bb de manera muy responsable y se ha comprometido a no dejarlos desamparados.<\/p>\n<p>&nbsp;<\/p>\n<p>Fuente: EUROPA PRESS<\/p>\n<p>&nbsp;<\/p>\n","protected":false},"excerpt":{"rendered":"<p>MADRID, (EUROPA PRESS) &#8211; &nbsp; La coordinadora nacional de Protecci\u00f3n <a href=\"https:\/\/sertv.gob.pa\/nacionalfm\/mexico-preve-rescatar-en-seis-meses-a-los-diez-mineros-atrapados-en-coahuila\/\"> [&#8230;]<\/a><\/p>\n","protected":false},"author":9,"featured_media":86809,"comment_status":"closed","ping_status":"closed","sticky":false,"template":"","format":"standard","meta":{"footnotes":""},"categories":[3],"tags":[],"class_list":["post-86808","post","type-post","status-publish","format-standard","has-post-thumbnail","hentry","category-internacionales"],"_links":{"self":[{"href":"https:\/\/sertv.gob.pa\/nacionalfm\/wp-json\/wp\/v2\/posts\/86808","targetHints":{"allow":["GET"]}}],"collection":[{"href":"https:\/\/sertv.gob.pa\/nacionalfm\/wp-json\/wp\/v2\/posts"}],"about":[{"href":"https:\/\/sertv.gob.pa\/nacionalfm\/wp-json\/wp\/v2\/types\/post"}],"author":[{"embeddable":true,"href":"https:\/\/sertv.gob.pa\/nacionalfm\/wp-json\/wp\/v2\/users\/9"}],"replies":[{"embeddable":true,"href":"https:\/\/sertv.gob.pa\/nacionalfm\/wp-json\/wp\/v2\/comments?post=86808"}],"version-history":[{"count":1,"href":"https:\/\/sertv.gob.pa\/nacionalfm\/wp-json\/wp\/v2\/posts\/86808\/revisions"}],"predecessor-version":[{"id":86810,"href":"https:\/\/sertv.gob.pa\/nacionalfm\/wp-json\/wp\/v2\/posts\/86808\/revisions\/86810"}],"wp:featuredmedia":[{"embeddable":true,"href":"https:\/\/sertv.gob.pa\/nacionalfm\/wp-json\/wp\/v2\/media\/86809"}],"wp:attachment":[{"href":"https:\/\/sertv.gob.pa\/nacionalfm\/wp-json\/wp\/v2\/media?parent=86808"}],"wp:term":[{"taxonomy":"category","embeddable":true,"href":"https:\/\/sertv.gob.pa\/nacionalfm\/wp-json\/wp\/v2\/categories?post=86808"},{"taxonomy":"post_tag","embeddable":true,"href":"https:\/\/sertv.gob.pa\/nacionalfm\/wp-json\/wp\/v2\/tags?post=86808"}],"curies":[{"name":"wp","href":"https:\/\/api.w.org\/{rel}","templated":true}]}}