{"id":86868,"date":"2022-09-07T20:42:54","date_gmt":"2022-09-07T20:42:54","guid":{"rendered":"https:\/\/sertv.gob.pa\/nacionalfm\/?p=86868"},"modified":"2022-09-07T20:42:54","modified_gmt":"2022-09-07T20:42:54","slug":"los-obama-vuelven-a-la-casa-blanca-para-la-exhibicion-de-sus-retratos-oficiales","status":"publish","type":"post","link":"https:\/\/sertv.gob.pa\/nacionalfm\/los-obama-vuelven-a-la-casa-blanca-para-la-exhibicion-de-sus-retratos-oficiales\/","title":{"rendered":"Los Obama vuelven a la Casa Blanca para la exhibici\u00f3n de sus retratos oficiales"},"content":{"rendered":"<p><strong><em>MADRID, (EUROPA PRESS) &#8211;<\/em><\/strong><\/p>\n<p>&nbsp;<\/p>\n<p>El expresidente estadounidense Barack Obama y su mujer, Michelle, han regresado este mi\u00e9rcoles por unas horas a la Casa Blanca para mostrar por primera vez sus retratos oficiales, una tradici\u00f3n que se perdi\u00f3 durante la etapa de Donald Trump y que ahora se ha recuperado con Joe Biden en el Despacho Oval.<\/p>\n<p>\u00abBarack, Michelle, bienvenidos a casa\u00bb, ha dicho Biden, que ejerci\u00f3 de vicepresidente durante los ocho a\u00f1os en que Obama estuvo en la Casa Blanca y siempre se ha mostrado especialmente c\u00f3mplice con \u00e9l, tambi\u00e9n desde su propia victoria en las elecciones de 2020.<\/p>\n<p>La Asociaci\u00f3n Hist\u00f3rica de la Casa Blanca facilita desde 1965 la adquisici\u00f3n de los retratos presidenciales. La elecci\u00f3n de sus autores recae en los propios protagonistas y se mantiene en secreto hasta ceremonias como las de este mi\u00e9rcoles, en las que se confirm\u00f3 que Obama hab\u00eda elegido para el suyo al pintor Robert McCurdy y la ex primera dama a Sharon Sprung.<\/p>\n<p>Ambos se han mostrado satisfechos y Obama ha explicado que quer\u00eda alejarse del \u00abestatus m\u00edtico\u00bb que a menudo se confiere a los presidentes a la hora de plasmarlos para la posteridad. \u00abLo que quiero que recuerden de Michelle y de m\u00ed es que los presidentes y las primeras damas son seres humanos como todos los dem\u00e1s\u00bb, ha dicho, seg\u00fan NBC News.<\/p>\n<p>Trump anul\u00f3 durante su mandato estas simb\u00f3licas ceremonias y, aunque su nombre no ha salido a relucir como tal, el predecesor de Biden en la Casa Blanca s\u00ed ha estado presente de forma velada en el discurso de Michelle Obama, que ha defendido las tradiciones y el traspaso \u00abpac\u00edfico\u00bb de poderes.<\/p>\n<p>En el aire queda, sin embargo, si Biden brindar\u00e1 el mismo trato a Trump. La portavoz de la Presidencia, Karine Jean-Pierre, emplaz\u00f3 el martes a consultar este tipo de dudas a la Asociaci\u00f3n Hist\u00f3rica de la Casa Blanca.<\/p>\n<p>&nbsp;<\/p>\n<p>Fuente: EUROPA PRESS<\/p>\n<p>&nbsp;<\/p>\n","protected":false},"excerpt":{"rendered":"<p>MADRID, (EUROPA PRESS) &#8211; &nbsp; El expresidente estadounidense Barack Obama <a href=\"https:\/\/sertv.gob.pa\/nacionalfm\/los-obama-vuelven-a-la-casa-blanca-para-la-exhibicion-de-sus-retratos-oficiales\/\"> [&#8230;]<\/a><\/p>\n","protected":false},"author":9,"featured_media":86869,"comment_status":"closed","ping_status":"closed","sticky":false,"template":"","format":"standard","meta":{"footnotes":""},"categories":[3],"tags":[],"class_list":["post-86868","post","type-post","status-publish","format-standard","has-post-thumbnail","hentry","category-internacionales"],"_links":{"self":[{"href":"https:\/\/sertv.gob.pa\/nacionalfm\/wp-json\/wp\/v2\/posts\/86868","targetHints":{"allow":["GET"]}}],"collection":[{"href":"https:\/\/sertv.gob.pa\/nacionalfm\/wp-json\/wp\/v2\/posts"}],"about":[{"href":"https:\/\/sertv.gob.pa\/nacionalfm\/wp-json\/wp\/v2\/types\/post"}],"author":[{"embeddable":true,"href":"https:\/\/sertv.gob.pa\/nacionalfm\/wp-json\/wp\/v2\/users\/9"}],"replies":[{"embeddable":true,"href":"https:\/\/sertv.gob.pa\/nacionalfm\/wp-json\/wp\/v2\/comments?post=86868"}],"version-history":[{"count":1,"href":"https:\/\/sertv.gob.pa\/nacionalfm\/wp-json\/wp\/v2\/posts\/86868\/revisions"}],"predecessor-version":[{"id":86870,"href":"https:\/\/sertv.gob.pa\/nacionalfm\/wp-json\/wp\/v2\/posts\/86868\/revisions\/86870"}],"wp:featuredmedia":[{"embeddable":true,"href":"https:\/\/sertv.gob.pa\/nacionalfm\/wp-json\/wp\/v2\/media\/86869"}],"wp:attachment":[{"href":"https:\/\/sertv.gob.pa\/nacionalfm\/wp-json\/wp\/v2\/media?parent=86868"}],"wp:term":[{"taxonomy":"category","embeddable":true,"href":"https:\/\/sertv.gob.pa\/nacionalfm\/wp-json\/wp\/v2\/categories?post=86868"},{"taxonomy":"post_tag","embeddable":true,"href":"https:\/\/sertv.gob.pa\/nacionalfm\/wp-json\/wp\/v2\/tags?post=86868"}],"curies":[{"name":"wp","href":"https:\/\/api.w.org\/{rel}","templated":true}]}}