{"id":8689,"date":"2015-11-11T20:17:29","date_gmt":"2015-11-11T20:17:29","guid":{"rendered":""},"modified":"2015-11-11T20:17:29","modified_gmt":"2015-11-11T20:17:29","slug":"comprueban-que-obesidad-puede-provocar-cancer-de-mama","status":"publish","type":"post","link":"https:\/\/sertv.gob.pa\/nacionalfm\/comprueban-que-obesidad-puede-provocar-cancer-de-mama\/","title":{"rendered":"Comprueban que obesidad puede provocar c\u00e1ncer de mama"},"content":{"rendered":"<p>\nSe intu\u00eda, pero ahora ya est\u00e1 comprobado. Un equipo de cient\u00edficos espa\u00f1oles ha demostrado que la obesidad puede provocar c\u00e1ncer de mama y que, probablemente, dicho riesgo se puede detectar con un simple an\u00e1lisis de sangre.\u00a0 <\/p>\n<p>El estudio, liderado por la doctora Ana Bel\u00e9n Crujeiras del grupo de cient\u00edficos del Centro de Investigaci\u00f3n Biom\u00e9dica en Red-Fisiopatolog\u00eda de la Obesidad y la Nutrici\u00f3n (CIBERobn), ha sido publicado en el International Journal of Obesity y parte de la tesis doctoral de Bego\u00f1a Cabia, investigadora del grupo de Crujeiras.\u00a0 <\/p>\n<p>La obesidad es uno de los factores importantes para el desarrollo del c\u00e1ncer de mama, pero este estudio demuestra por vez primera qu\u00e9 mecanismos moleculares est\u00e1n implicados en el proceso.\u00a0 <\/p>\n<p>\u00abEl objetivo del trabajo era estudiar si el sobrepeso es capaz de activar los genes relacionados con los procesos tempranos de desarrollo del c\u00e1ncer de mama y hemos visto que s\u00ed\u00bb, explica a EFE la doctora Crujeiras.\u00a0 <\/p>\n<p>Para ello, los investigadores del CIBERobn estudiaron en ratones obesos la expresi\u00f3n de los genes implicados en las rutas que inician el c\u00e1ncer y los compararon con los de ratones delgados y comprobaron que los procesos cancerosos se activaban en los animales obesos.\u00a0 <\/p>\n<p>Pero \u00bfqu\u00e9 factores eran los causantes de activar el c\u00e1ncer? Los investigadores estudiaron entonces el tejido adiposo, que puede ser visceral (el que rodea y protege a los \u00f3rganos) y subcut\u00e1neo.\u00a0 <\/p>\n<p>\u00abDiversos estudios explican que el visceral es el m\u00e1s perjudicial para la salud, el m\u00e1s relacionado con enfermedades asociadas con la obesidad como la diabetes o las enfermedades cardiovasculares y quisimos saber si tambi\u00e9n lo estaba con el c\u00e1ncer\u00bb, precisa Crujeiras. Ah\u00ed comenz\u00f3 la segunda parte del estudio. Los cient\u00edficos seleccionaron en cultivo los factores secretados por el tejido epitelial adiposo visceral y subcut\u00e1neo y trataron con ellos c\u00e9lulas epiteliales de mama.\u00a0 <\/p>\n<p>\u00abCuando el tejido era visceral obeso, estas c\u00e9lulas proliferaban m\u00e1s, algo que no ocurr\u00eda cuando tratamos con tejido adiposo subcut\u00e1neo\u00bb. Y es que el tejido adiposo visceral tiene una actividad diferente y m\u00e1s perjudicial que la del subcut\u00e1neo \u00abporque secreta una serie de factores m\u00e1s da\u00f1inos\u00bb, explic\u00f3 la investigadora.\u00a0 <\/p>\n<p>El estudio, por tanto, ha observado los cambios moleculares que se producen antes de que se desarrolle un tumor, \u00ablo que adem\u00e1s de dar relevancia a la necesidad de prevenir la obesidad, pone de manifiesto que cuanto m\u00e1s se prolongue la obesidad en el tiempo, mayor es el riesgo de padecer c\u00e1ncer de mama\u00bb, advirti\u00f3 Crujeiras.\u00a0 <\/p>\n<p>\u00a0 <\/p>\n","protected":false},"excerpt":{"rendered":"<p>Se intu\u00eda, pero ahora ya est\u00e1 comprobado. Un equipo de <a href=\"https:\/\/sertv.gob.pa\/nacionalfm\/comprueban-que-obesidad-puede-provocar-cancer-de-mama\/\"> [&#8230;]<\/a><\/p>\n","protected":false},"author":1,"featured_media":8690,"comment_status":"closed","ping_status":"closed","sticky":false,"template":"","format":"standard","meta":{"footnotes":""},"categories":[5],"tags":[],"class_list":["post-8689","post","type-post","status-publish","format-standard","has-post-thumbnail","hentry","category-salud"],"_links":{"self":[{"href":"https:\/\/sertv.gob.pa\/nacionalfm\/wp-json\/wp\/v2\/posts\/8689","targetHints":{"allow":["GET"]}}],"collection":[{"href":"https:\/\/sertv.gob.pa\/nacionalfm\/wp-json\/wp\/v2\/posts"}],"about":[{"href":"https:\/\/sertv.gob.pa\/nacionalfm\/wp-json\/wp\/v2\/types\/post"}],"author":[{"embeddable":true,"href":"https:\/\/sertv.gob.pa\/nacionalfm\/wp-json\/wp\/v2\/users\/1"}],"replies":[{"embeddable":true,"href":"https:\/\/sertv.gob.pa\/nacionalfm\/wp-json\/wp\/v2\/comments?post=8689"}],"version-history":[{"count":0,"href":"https:\/\/sertv.gob.pa\/nacionalfm\/wp-json\/wp\/v2\/posts\/8689\/revisions"}],"wp:featuredmedia":[{"embeddable":true,"href":"https:\/\/sertv.gob.pa\/nacionalfm\/wp-json\/wp\/v2\/media\/8690"}],"wp:attachment":[{"href":"https:\/\/sertv.gob.pa\/nacionalfm\/wp-json\/wp\/v2\/media?parent=8689"}],"wp:term":[{"taxonomy":"category","embeddable":true,"href":"https:\/\/sertv.gob.pa\/nacionalfm\/wp-json\/wp\/v2\/categories?post=8689"},{"taxonomy":"post_tag","embeddable":true,"href":"https:\/\/sertv.gob.pa\/nacionalfm\/wp-json\/wp\/v2\/tags?post=8689"}],"curies":[{"name":"wp","href":"https:\/\/api.w.org\/{rel}","templated":true}]}}