{"id":86900,"date":"2022-09-08T17:57:58","date_gmt":"2022-09-08T17:57:58","guid":{"rendered":"https:\/\/sertv.gob.pa\/nacionalfm\/?p=86900"},"modified":"2022-09-08T17:57:58","modified_gmt":"2022-09-08T17:57:58","slug":"muere-isabel-ii-de-inglaterra-a-los-96-anos-y-tras-mas-de-70-de-reinado","status":"publish","type":"post","link":"https:\/\/sertv.gob.pa\/nacionalfm\/muere-isabel-ii-de-inglaterra-a-los-96-anos-y-tras-mas-de-70-de-reinado\/","title":{"rendered":"Muere Isabel II de Inglaterra, a los 96 a\u00f1os y tras m\u00e1s de 70 de reinado"},"content":{"rendered":"<p><strong><em>MADRID, (EUROPA PRESS) &#8211;<\/em><\/strong><\/p>\n<p>La reina Isabel II de Inglaterra ha fallecido a los 96 a\u00f1os, lo que pone fin a un reinado sin precedentes de m\u00e1s de 70 a\u00f1os y supone el ascenso al trono de su primog\u00e9nito, el pr\u00edncipe Carlos, de 73 a\u00f1os de edad, informa el Palacio de Buckingham.<\/p>\n<p>El estado de salud de la monarca hab\u00eda empeorado en estos \u00faltimos meses, marcados por los problemas de movilidad las reiteradas ausencias en actos especialmente simb\u00f3licos. Esta misma semana, recibi\u00f3 a la nueva primera ministra, Liz Truss, en la residencia de Balmoral (Escocia), en lugar del Palacio de Buckingham como era tradici\u00f3n.<\/p>\n<p>Ya el mi\u00e9rcoles anul\u00f3 su agenda y este jueves la Casa Real confirm\u00f3 que su estado de salud hab\u00eda empeorado. Sus familiares cercanos, entre ellos el heredero, se han desplazado hasta Balmoral para acompa\u00f1ar a la reina en sus \u00faltimos momentos.<\/p>\n<p>La reina lleg\u00f3 al trono en febrero de 1952, tras el fallecimiento de su padre, Jorge VI, que hab\u00eda asumido la corona por la abdicaci\u00f3n de su hermano. En todo este tiempo, nunca hab\u00eda dado muestras de seguir la estela de otros monarcas europeos y abdicar en favor de su hijo.<\/p>\n<p>Isabel II estuvo casada durante 73 a\u00f1os con el pr\u00edncipe Felipe, duque de Edimburgo, fallecido en abril de 2021. El matrimonio ten\u00eda cuatro hijos, ocho nietos y doce bisnietos.<\/p>\n<p>&nbsp;<\/p>\n<p>Fuente: EUROPA PRESS<\/p>\n","protected":false},"excerpt":{"rendered":"<p>MADRID, (EUROPA PRESS) &#8211; La reina Isabel II de Inglaterra <a href=\"https:\/\/sertv.gob.pa\/nacionalfm\/muere-isabel-ii-de-inglaterra-a-los-96-anos-y-tras-mas-de-70-de-reinado\/\"> [&#8230;]<\/a><\/p>\n","protected":false},"author":9,"featured_media":86901,"comment_status":"closed","ping_status":"closed","sticky":false,"template":"","format":"standard","meta":{"footnotes":""},"categories":[3],"tags":[],"class_list":["post-86900","post","type-post","status-publish","format-standard","has-post-thumbnail","hentry","category-internacionales"],"_links":{"self":[{"href":"https:\/\/sertv.gob.pa\/nacionalfm\/wp-json\/wp\/v2\/posts\/86900","targetHints":{"allow":["GET"]}}],"collection":[{"href":"https:\/\/sertv.gob.pa\/nacionalfm\/wp-json\/wp\/v2\/posts"}],"about":[{"href":"https:\/\/sertv.gob.pa\/nacionalfm\/wp-json\/wp\/v2\/types\/post"}],"author":[{"embeddable":true,"href":"https:\/\/sertv.gob.pa\/nacionalfm\/wp-json\/wp\/v2\/users\/9"}],"replies":[{"embeddable":true,"href":"https:\/\/sertv.gob.pa\/nacionalfm\/wp-json\/wp\/v2\/comments?post=86900"}],"version-history":[{"count":1,"href":"https:\/\/sertv.gob.pa\/nacionalfm\/wp-json\/wp\/v2\/posts\/86900\/revisions"}],"predecessor-version":[{"id":86904,"href":"https:\/\/sertv.gob.pa\/nacionalfm\/wp-json\/wp\/v2\/posts\/86900\/revisions\/86904"}],"wp:featuredmedia":[{"embeddable":true,"href":"https:\/\/sertv.gob.pa\/nacionalfm\/wp-json\/wp\/v2\/media\/86901"}],"wp:attachment":[{"href":"https:\/\/sertv.gob.pa\/nacionalfm\/wp-json\/wp\/v2\/media?parent=86900"}],"wp:term":[{"taxonomy":"category","embeddable":true,"href":"https:\/\/sertv.gob.pa\/nacionalfm\/wp-json\/wp\/v2\/categories?post=86900"},{"taxonomy":"post_tag","embeddable":true,"href":"https:\/\/sertv.gob.pa\/nacionalfm\/wp-json\/wp\/v2\/tags?post=86900"}],"curies":[{"name":"wp","href":"https:\/\/api.w.org\/{rel}","templated":true}]}}