{"id":86908,"date":"2022-09-08T19:36:51","date_gmt":"2022-09-08T19:36:51","guid":{"rendered":"https:\/\/sertv.gob.pa\/nacionalfm\/?p=86908"},"modified":"2022-09-08T19:36:51","modified_gmt":"2022-09-08T19:36:51","slug":"biden-lamenta-el-fallecimiento-de-isabel-ii-mas-que-una-monarca","status":"publish","type":"post","link":"https:\/\/sertv.gob.pa\/nacionalfm\/biden-lamenta-el-fallecimiento-de-isabel-ii-mas-que-una-monarca\/","title":{"rendered":"Biden lamenta el fallecimiento de Isabel II, \u00abm\u00e1s que una monarca\u00bb"},"content":{"rendered":"<p>\u00abEn un mundo de cambios constantes, fue una presencia estable y un motivo de tranquilidad y orgullo para generaciones\u00bb, dice.<\/p>\n<p><strong><em>\u00a0<\/em><\/strong><\/p>\n<p><strong><em>MADRID, (EUROPA PRESS) &#8211;<\/em><\/strong><\/p>\n<p>El presidente de Estados Unidos, Joe Biden, ha lamentado en un comunicado el fallecimiento de la reina Isabel II, \u00abm\u00e1s que una monarca\u00bb y cuya labor a lo largo de m\u00e1s de siete d\u00e9cadas \u00abha definido una era\u00bb a nivel mundial.<\/p>\n<p>\u00abEn un mundo de cambios constantes, fue una presencia constante y un motivo de tranquilidad y orgullo para generaciones\u00bb, ha dicho Biden en una nota firmada junto a su mujer, Jill, y en la que ha subrayado la \u00abconexi\u00f3n personal e inmediata\u00bb que sent\u00edan muchos brit\u00e1nicos con su reina.<\/p>\n<p>El mandatario norteamericano ha recordado a Isabel II como \u00abuna mujer de Estado\u00bb que contribuy\u00f3 tambi\u00e9n a que exista a d\u00eda de hoy la \u00abrelaci\u00f3n especial\u00bb de la que presumen Londres y Washington.<\/p>\n<p>A t\u00edtulo personal, Biden y la primera dama han recordado que conocieron por primera vez a la difunta reina en 1987, cuando el actual inquilino de la Casa Blanca era senador. En junio de 2021, Biden realiz\u00f3 a Reino Unido su primer viaje al exterior como presidente.<\/p>\n<p>De cara al futuro, el presidente de Estados Unidos conf\u00eda en mantener la \u00abestrecha amistad\u00bb con el nuevo rey brit\u00e1nico, Carlos III.<\/p>\n<p>&nbsp;<\/p>\n<p>Fuente: EUROPA PRESS<\/p>\n","protected":false},"excerpt":{"rendered":"<p>\u00abEn un mundo de cambios constantes, fue una presencia estable <a href=\"https:\/\/sertv.gob.pa\/nacionalfm\/biden-lamenta-el-fallecimiento-de-isabel-ii-mas-que-una-monarca\/\"> [&#8230;]<\/a><\/p>\n","protected":false},"author":9,"featured_media":86909,"comment_status":"closed","ping_status":"closed","sticky":false,"template":"","format":"standard","meta":{"footnotes":""},"categories":[3],"tags":[],"class_list":["post-86908","post","type-post","status-publish","format-standard","has-post-thumbnail","hentry","category-internacionales"],"_links":{"self":[{"href":"https:\/\/sertv.gob.pa\/nacionalfm\/wp-json\/wp\/v2\/posts\/86908","targetHints":{"allow":["GET"]}}],"collection":[{"href":"https:\/\/sertv.gob.pa\/nacionalfm\/wp-json\/wp\/v2\/posts"}],"about":[{"href":"https:\/\/sertv.gob.pa\/nacionalfm\/wp-json\/wp\/v2\/types\/post"}],"author":[{"embeddable":true,"href":"https:\/\/sertv.gob.pa\/nacionalfm\/wp-json\/wp\/v2\/users\/9"}],"replies":[{"embeddable":true,"href":"https:\/\/sertv.gob.pa\/nacionalfm\/wp-json\/wp\/v2\/comments?post=86908"}],"version-history":[{"count":1,"href":"https:\/\/sertv.gob.pa\/nacionalfm\/wp-json\/wp\/v2\/posts\/86908\/revisions"}],"predecessor-version":[{"id":86910,"href":"https:\/\/sertv.gob.pa\/nacionalfm\/wp-json\/wp\/v2\/posts\/86908\/revisions\/86910"}],"wp:featuredmedia":[{"embeddable":true,"href":"https:\/\/sertv.gob.pa\/nacionalfm\/wp-json\/wp\/v2\/media\/86909"}],"wp:attachment":[{"href":"https:\/\/sertv.gob.pa\/nacionalfm\/wp-json\/wp\/v2\/media?parent=86908"}],"wp:term":[{"taxonomy":"category","embeddable":true,"href":"https:\/\/sertv.gob.pa\/nacionalfm\/wp-json\/wp\/v2\/categories?post=86908"},{"taxonomy":"post_tag","embeddable":true,"href":"https:\/\/sertv.gob.pa\/nacionalfm\/wp-json\/wp\/v2\/tags?post=86908"}],"curies":[{"name":"wp","href":"https:\/\/api.w.org\/{rel}","templated":true}]}}